{"id":7791,"date":"2020-05-22T14:18:28","date_gmt":"2020-05-22T12:18:28","guid":{"rendered":"https:\/\/old-eoc.dev-app.net\/?p=7791"},"modified":"2020-09-29T11:26:54","modified_gmt":"2020-09-29T09:26:54","slug":"a-decouvrir-musique-en-chemins","status":"publish","type":"post","link":"https:\/\/old-eoc.dev-app.net\/en\/a-decouvrir-musique-en-chemins\/","title":{"rendered":"\u00c0 d\u00e9couvrir : Musique en chemins"},"content":{"rendered":"<p>M\u00ealant musique, arts plastiques et litt\u00e9rature, les \u00e9l\u00e8ves de terminale CAP \u00c9lectricit\u00e9 du Lyc\u00e9e professionnel Beno\u00eet Fourneyron \u00e0 Saint-\u00c9tienne se sont essay\u00e9 \u00e0 l\u2019exercice de l\u2019autoportrait. \u00c0 d\u00e9couvrir en sons et en images ! <!--more--><\/p>\n<p class=\"_2cuy _50a1 _2vxa\"><span class=\"_4yxo\"><strong>T\u00e9moignages en musique<\/strong><br \/>\n<\/span><em><span class=\"_4yxp\">Par Claudio Bettinelli, percussioniste de l\u2019EOC<\/span><\/em><\/p>\n<div class=\"_2cuy _3dgx _2vxa\">\u00c0 partir d\u2019une musique de leur pays d\u2019origine et de leur voix, les \u00e9l\u00e8ves ont imagin\u00e9 et cr\u00e9\u00e9 des bandes sonores \u00e0 l\u2019aide d\u2019un clavier midi. L\u2019occasion pour eux d\u2019explorer de nouvelles sonorit\u00e9s en manipulant le son gr\u00e2ce \u00e0 l\u2019informatique musicale et en s\u2019appropriant des r\u00e8gles simples d\u2019improvisations. Les cr\u00e9ations partagent \u00e9galement un de leur souvenir d\u2019enfance ou d\u2019\u00e9cole, un portrait d\u2019eux-m\u00eame ou portent un regard sur un autre \u00e9l\u00e8ve. Lors de la derni\u00e8re \u00e9tape, Claudio Bettinelli leur a fait d\u00e9couvrir un logiciel de montage son qui leur a permis de finaliser leur \u0153uvre personnelle.<\/div>\n<div><\/div>\n<p><iframe loading=\"lazy\" src=\"https:\/\/w.soundcloud.com\/player\/?url=https%3A\/\/api.soundcloud.com\/playlists\/1017387946&amp;color=%23ef558a&amp;auto_play=false&amp;hide_related=false&amp;show_comments=true&amp;show_user=true&amp;show_reposts=false&amp;show_teaser=true\" width=\"100%\" height=\"450\" frameborder=\"no\" scrolling=\"no\"><\/iframe><\/p>\n<div style=\"font-size: 10px; color: #cccccc; line-break: anywhere; word-break: normal; overflow: hidden; white-space: nowrap; text-overflow: ellipsis; font-family: Interstate,Lucida Grande,Lucida Sans Unicode,Lucida Sans,Garuda,Verdana,Tahoma,sans-serif; font-weight: 100;\"><\/div>\n<p><strong>Autoportraits<\/strong><br \/>\n<em><span class=\"_4yxp\">Par Pauline Touron, professeure d\u2019arts plastiques<\/span><\/em><\/p>\n<div class=\"_2cuy _3dgx _2vxa\">Apr\u00e8s avoir analys\u00e9 plusieurs autoportraits d\u2019artistes c\u00e9l\u00e8bres, comprendre les motivations derri\u00e8re ces r\u00e9alisations et \u00e9tudier les diff\u00e9rents proc\u00e9d\u00e9s artistiques, les \u00e9l\u00e8ves ont r\u00e9alis\u00e9 leurs propres autoportraits, exp\u00e9rimentant plusieurs techniques comme le collage, la peinture, la photographie ou encore le photomontage. Voici quelques images des autoportraits en objets :<\/div>\n<div><\/div>\n<figure class=\"_2cuy _4nuy _2vxa\">\n<div class=\"_h2x _h2y\">\n<p><img decoding=\"async\" id=\"u_48_w\" class=\"_h2z _297z _usd img\" src=\"https:\/\/scontent.fcdg2-1.fna.fbcdn.net\/v\/t1.0-9\/98887965_3269435356441084_9044559680600276992_o.jpg?_nc_cat=111&amp;_nc_sid=32a93c&amp;_nc_oc=AQmSRoB4g7cUrYeX0deIZjWLOY0X3UIUm_riHgS5KekqM5YTUqVI1-Qau5XFERFmnNA&amp;_nc_ht=scontent.fcdg2-1.fna&amp;oh=e8dba3a9e7ff757e4ed1cd3be9218bb1&amp;oe=5EEBA579\" alt=\"\" \/><\/p>\n<p><small>Avec le soutien de la R\u00e9gion Auvergne-Rh\u00f4ne-Alpes dans le cadre du dispositif Passeurs de culture et de la DRAC Auvergne-Rh\u00f4ne-Alpes<\/small><\/p>\n<\/div>\n<\/figure>\n","protected":false},"excerpt":{"rendered":"<p>M\u00ealant musique, arts plastiques et litt\u00e9rature, les \u00e9l\u00e8ves de terminale CAP \u00c9lectricit\u00e9 du Lyc\u00e9e professionnel Beno\u00eet Fourneyron \u00e0 Saint-\u00c9tienne se sont essay\u00e9 \u00e0 l\u2019exercice de l\u2019autoportrait. \u00c0 d\u00e9couvrir en sons et en images !<\/p>\n","protected":false},"author":21,"featured_media":4799,"comment_status":"closed","ping_status":"closed","sticky":false,"template":"","format":"standard","meta":{"_acf_changed":false,"footnotes":""},"categories":[1],"tags":[],"class_list":["post-7791","post","type-post","status-publish","format-standard","has-post-thumbnail","hentry","category-actualite"],"acf":[],"yoast_head":"<!-- This site is optimized with the Yoast SEO plugin v24.8.1 - https:\/\/yoast.com\/wordpress\/plugins\/seo\/ -->\n<title>\u00c0 d\u00e9couvrir : Musique en chemins - Ensemble Orchestral Contemporain<\/title>\n<meta name=\"robots\" content=\"noindex, follow, max-snippet:-1, max-image-preview:large, max-video-preview:-1\" \/>\n<meta property=\"og:locale\" content=\"en_US\" \/>\n<meta property=\"og:type\" content=\"article\" \/>\n<meta property=\"og:title\" content=\"\u00c0 d\u00e9couvrir : Musique en chemins - Ensemble Orchestral Contemporain\" \/>\n<meta property=\"og:description\" content=\"M\u00ealant musique, arts plastiques et litt\u00e9rature, les \u00e9l\u00e8ves de terminale CAP \u00c9lectricit\u00e9 du Lyc\u00e9e professionnel Beno\u00eet Fourneyron \u00e0 Saint-\u00c9tienne se sont essay\u00e9 \u00e0 l\u2019exercice de l\u2019autoportrait. \u00c0 d\u00e9couvrir en sons et en images !\" \/>\n<meta property=\"og:url\" content=\"https:\/\/old-eoc.dev-app.net\/a-decouvrir-musique-en-chemins\/\" \/>\n<meta property=\"og:site_name\" content=\"Ensemble Orchestral Contemporain\" \/>\n<meta property=\"article:published_time\" content=\"2020-05-22T12:18:28+00:00\" \/>\n<meta property=\"article:modified_time\" content=\"2020-09-29T09:26:54+00:00\" \/>\n<meta property=\"og:image\" content=\"https:\/\/old-eoc.dev-app.net\/wp-content\/uploads\/2019\/09\/P1004366.jpg\" \/>\n\t<meta property=\"og:image:width\" content=\"1920\" \/>\n\t<meta property=\"og:image:height\" content=\"1440\" \/>\n\t<meta property=\"og:image:type\" content=\"image\/jpeg\" \/>\n<meta name=\"author\" content=\"Am\u00e9lie Finet\" \/>\n<meta name=\"twitter:card\" content=\"summary_large_image\" \/>\n<meta name=\"twitter:label1\" content=\"Written by\" \/>\n\t<meta name=\"twitter:data1\" content=\"Am\u00e9lie Finet\" \/>\n\t<meta name=\"twitter:label2\" content=\"Est. reading time\" \/>\n\t<meta name=\"twitter:data2\" content=\"1 minute\" \/>\n<script type=\"application\/ld+json\" class=\"yoast-schema-graph\">{\"@context\":\"https:\/\/schema.org\",\"@graph\":[{\"@type\":\"Article\",\"@id\":\"https:\/\/old-eoc.dev-app.net\/a-decouvrir-musique-en-chemins\/#article\",\"isPartOf\":{\"@id\":\"https:\/\/old-eoc.dev-app.net\/a-decouvrir-musique-en-chemins\/\"},\"author\":{\"name\":\"Am\u00e9lie Finet\",\"@id\":\"https:\/\/old-eoc.dev-app.net\/#\/schema\/person\/22903e18cfb1940ba9e7a40db29c84f8\"},\"headline\":\"\u00c0 d\u00e9couvrir : Musique en chemins\",\"datePublished\":\"2020-05-22T12:18:28+00:00\",\"dateModified\":\"2020-09-29T09:26:54+00:00\",\"mainEntityOfPage\":{\"@id\":\"https:\/\/old-eoc.dev-app.net\/a-decouvrir-musique-en-chemins\/\"},\"wordCount\":258,\"publisher\":{\"@id\":\"https:\/\/old-eoc.dev-app.net\/#organization\"},\"image\":{\"@id\":\"https:\/\/old-eoc.dev-app.net\/a-decouvrir-musique-en-chemins\/#primaryimage\"},\"thumbnailUrl\":\"https:\/\/old-eoc.dev-app.net\/wp-content\/uploads\/2019\/09\/P1004366.jpg\",\"articleSection\":[\"Actualit\u00e9\"],\"inLanguage\":\"en-US\"},{\"@type\":\"WebPage\",\"@id\":\"https:\/\/old-eoc.dev-app.net\/a-decouvrir-musique-en-chemins\/\",\"url\":\"https:\/\/old-eoc.dev-app.net\/a-decouvrir-musique-en-chemins\/\",\"name\":\"\u00c0 d\u00e9couvrir : Musique en chemins - Ensemble Orchestral Contemporain\",\"isPartOf\":{\"@id\":\"https:\/\/old-eoc.dev-app.net\/#website\"},\"primaryImageOfPage\":{\"@id\":\"https:\/\/old-eoc.dev-app.net\/a-decouvrir-musique-en-chemins\/#primaryimage\"},\"image\":{\"@id\":\"https:\/\/old-eoc.dev-app.net\/a-decouvrir-musique-en-chemins\/#primaryimage\"},\"thumbnailUrl\":\"https:\/\/old-eoc.dev-app.net\/wp-content\/uploads\/2019\/09\/P1004366.jpg\",\"datePublished\":\"2020-05-22T12:18:28+00:00\",\"dateModified\":\"2020-09-29T09:26:54+00:00\",\"breadcrumb\":{\"@id\":\"https:\/\/old-eoc.dev-app.net\/a-decouvrir-musique-en-chemins\/#breadcrumb\"},\"inLanguage\":\"en-US\",\"potentialAction\":[{\"@type\":\"ReadAction\",\"target\":[\"https:\/\/old-eoc.dev-app.net\/a-decouvrir-musique-en-chemins\/\"]}]},{\"@type\":\"ImageObject\",\"inLanguage\":\"en-US\",\"@id\":\"https:\/\/old-eoc.dev-app.net\/a-decouvrir-musique-en-chemins\/#primaryimage\",\"url\":\"https:\/\/old-eoc.dev-app.net\/wp-content\/uploads\/2019\/09\/P1004366.jpg\",\"contentUrl\":\"https:\/\/old-eoc.dev-app.net\/wp-content\/uploads\/2019\/09\/P1004366.jpg\",\"width\":1920,\"height\":1440},{\"@type\":\"BreadcrumbList\",\"@id\":\"https:\/\/old-eoc.dev-app.net\/a-decouvrir-musique-en-chemins\/#breadcrumb\",\"itemListElement\":[{\"@type\":\"ListItem\",\"position\":1,\"name\":\"Accueil\",\"item\":\"https:\/\/old-eoc.dev-app.net\/en\/\"},{\"@type\":\"ListItem\",\"position\":2,\"name\":\"\u00c0 d\u00e9couvrir : Musique en chemins\"}]},{\"@type\":\"WebSite\",\"@id\":\"https:\/\/old-eoc.dev-app.net\/#website\",\"url\":\"https:\/\/old-eoc.dev-app.net\/\",\"name\":\"Ensemble Orchestral Contemporain\",\"description\":\"Direction Daniel Kawka\",\"publisher\":{\"@id\":\"https:\/\/old-eoc.dev-app.net\/#organization\"},\"potentialAction\":[{\"@type\":\"SearchAction\",\"target\":{\"@type\":\"EntryPoint\",\"urlTemplate\":\"https:\/\/old-eoc.dev-app.net\/?s={search_term_string}\"},\"query-input\":{\"@type\":\"PropertyValueSpecification\",\"valueRequired\":true,\"valueName\":\"search_term_string\"}}],\"inLanguage\":\"en-US\"},{\"@type\":\"Organization\",\"@id\":\"https:\/\/old-eoc.dev-app.net\/#organization\",\"name\":\"Ensemble Orchestral Contemporain\",\"url\":\"https:\/\/old-eoc.dev-app.net\/\",\"logo\":{\"@type\":\"ImageObject\",\"inLanguage\":\"en-US\",\"@id\":\"https:\/\/old-eoc.dev-app.net\/#\/schema\/logo\/image\/\",\"url\":\"https:\/\/old-eoc.dev-app.net\/wp-content\/uploads\/2024\/02\/cropped-admin-ajax2.jpg\",\"contentUrl\":\"https:\/\/old-eoc.dev-app.net\/wp-content\/uploads\/2024\/02\/cropped-admin-ajax2.jpg\",\"width\":148,\"height\":79,\"caption\":\"Ensemble Orchestral Contemporain\"},\"image\":{\"@id\":\"https:\/\/old-eoc.dev-app.net\/#\/schema\/logo\/image\/\"},\"sameAs\":[\"https:\/\/www.youtube.com\/user\/EnsembleEOC\"]},{\"@type\":\"Person\",\"@id\":\"https:\/\/old-eoc.dev-app.net\/#\/schema\/person\/22903e18cfb1940ba9e7a40db29c84f8\",\"name\":\"Am\u00e9lie Finet\",\"image\":{\"@type\":\"ImageObject\",\"inLanguage\":\"en-US\",\"@id\":\"https:\/\/old-eoc.dev-app.net\/#\/schema\/person\/image\/\",\"url\":\"https:\/\/secure.gravatar.com\/avatar\/2e0bfbdf5d8965d17c4d51755bcfc940?s=96&d=mm&r=g\",\"contentUrl\":\"https:\/\/secure.gravatar.com\/avatar\/2e0bfbdf5d8965d17c4d51755bcfc940?s=96&d=mm&r=g\",\"caption\":\"Am\u00e9lie Finet\"},\"url\":\"https:\/\/old-eoc.dev-app.net\/en\/author\/mhermant\/\"}]}<\/script>\n<!-- \/ Yoast SEO plugin. -->","yoast_head_json":{"title":"\u00c0 d\u00e9couvrir : Musique en chemins - Ensemble Orchestral Contemporain","robots":{"index":"noindex","follow":"follow","max-snippet":"max-snippet:-1","max-image-preview":"max-image-preview:large","max-video-preview":"max-video-preview:-1"},"og_locale":"en_US","og_type":"article","og_title":"\u00c0 d\u00e9couvrir : Musique en chemins - Ensemble Orchestral Contemporain","og_description":"M\u00ealant musique, arts plastiques et litt\u00e9rature, les \u00e9l\u00e8ves de terminale CAP \u00c9lectricit\u00e9 du Lyc\u00e9e professionnel Beno\u00eet Fourneyron \u00e0 Saint-\u00c9tienne se sont essay\u00e9 \u00e0 l\u2019exercice de l\u2019autoportrait. \u00c0 d\u00e9couvrir en sons et en images !","og_url":"https:\/\/old-eoc.dev-app.net\/a-decouvrir-musique-en-chemins\/","og_site_name":"Ensemble Orchestral Contemporain","article_published_time":"2020-05-22T12:18:28+00:00","article_modified_time":"2020-09-29T09:26:54+00:00","og_image":[{"width":1920,"height":1440,"url":"https:\/\/old-eoc.dev-app.net\/wp-content\/uploads\/2019\/09\/P1004366.jpg","type":"image\/jpeg"}],"author":"Am\u00e9lie Finet","twitter_card":"summary_large_image","twitter_misc":{"Written by":"Am\u00e9lie Finet","Est. reading time":"1 minute"},"schema":{"@context":"https:\/\/schema.org","@graph":[{"@type":"Article","@id":"https:\/\/old-eoc.dev-app.net\/a-decouvrir-musique-en-chemins\/#article","isPartOf":{"@id":"https:\/\/old-eoc.dev-app.net\/a-decouvrir-musique-en-chemins\/"},"author":{"name":"Am\u00e9lie Finet","@id":"https:\/\/old-eoc.dev-app.net\/#\/schema\/person\/22903e18cfb1940ba9e7a40db29c84f8"},"headline":"\u00c0 d\u00e9couvrir : Musique en chemins","datePublished":"2020-05-22T12:18:28+00:00","dateModified":"2020-09-29T09:26:54+00:00","mainEntityOfPage":{"@id":"https:\/\/old-eoc.dev-app.net\/a-decouvrir-musique-en-chemins\/"},"wordCount":258,"publisher":{"@id":"https:\/\/old-eoc.dev-app.net\/#organization"},"image":{"@id":"https:\/\/old-eoc.dev-app.net\/a-decouvrir-musique-en-chemins\/#primaryimage"},"thumbnailUrl":"https:\/\/old-eoc.dev-app.net\/wp-content\/uploads\/2019\/09\/P1004366.jpg","articleSection":["Actualit\u00e9"],"inLanguage":"en-US"},{"@type":"WebPage","@id":"https:\/\/old-eoc.dev-app.net\/a-decouvrir-musique-en-chemins\/","url":"https:\/\/old-eoc.dev-app.net\/a-decouvrir-musique-en-chemins\/","name":"\u00c0 d\u00e9couvrir : Musique en chemins - Ensemble Orchestral Contemporain","isPartOf":{"@id":"https:\/\/old-eoc.dev-app.net\/#website"},"primaryImageOfPage":{"@id":"https:\/\/old-eoc.dev-app.net\/a-decouvrir-musique-en-chemins\/#primaryimage"},"image":{"@id":"https:\/\/old-eoc.dev-app.net\/a-decouvrir-musique-en-chemins\/#primaryimage"},"thumbnailUrl":"https:\/\/old-eoc.dev-app.net\/wp-content\/uploads\/2019\/09\/P1004366.jpg","datePublished":"2020-05-22T12:18:28+00:00","dateModified":"2020-09-29T09:26:54+00:00","breadcrumb":{"@id":"https:\/\/old-eoc.dev-app.net\/a-decouvrir-musique-en-chemins\/#breadcrumb"},"inLanguage":"en-US","potentialAction":[{"@type":"ReadAction","target":["https:\/\/old-eoc.dev-app.net\/a-decouvrir-musique-en-chemins\/"]}]},{"@type":"ImageObject","inLanguage":"en-US","@id":"https:\/\/old-eoc.dev-app.net\/a-decouvrir-musique-en-chemins\/#primaryimage","url":"https:\/\/old-eoc.dev-app.net\/wp-content\/uploads\/2019\/09\/P1004366.jpg","contentUrl":"https:\/\/old-eoc.dev-app.net\/wp-content\/uploads\/2019\/09\/P1004366.jpg","width":1920,"height":1440},{"@type":"BreadcrumbList","@id":"https:\/\/old-eoc.dev-app.net\/a-decouvrir-musique-en-chemins\/#breadcrumb","itemListElement":[{"@type":"ListItem","position":1,"name":"Accueil","item":"https:\/\/old-eoc.dev-app.net\/en\/"},{"@type":"ListItem","position":2,"name":"\u00c0 d\u00e9couvrir : Musique en chemins"}]},{"@type":"WebSite","@id":"https:\/\/old-eoc.dev-app.net\/#website","url":"https:\/\/old-eoc.dev-app.net\/","name":"Ensemble Orchestral Contemporain","description":"Direction Daniel Kawka","publisher":{"@id":"https:\/\/old-eoc.dev-app.net\/#organization"},"potentialAction":[{"@type":"SearchAction","target":{"@type":"EntryPoint","urlTemplate":"https:\/\/old-eoc.dev-app.net\/?s={search_term_string}"},"query-input":{"@type":"PropertyValueSpecification","valueRequired":true,"valueName":"search_term_string"}}],"inLanguage":"en-US"},{"@type":"Organization","@id":"https:\/\/old-eoc.dev-app.net\/#organization","name":"Ensemble Orchestral Contemporain","url":"https:\/\/old-eoc.dev-app.net\/","logo":{"@type":"ImageObject","inLanguage":"en-US","@id":"https:\/\/old-eoc.dev-app.net\/#\/schema\/logo\/image\/","url":"https:\/\/old-eoc.dev-app.net\/wp-content\/uploads\/2024\/02\/cropped-admin-ajax2.jpg","contentUrl":"https:\/\/old-eoc.dev-app.net\/wp-content\/uploads\/2024\/02\/cropped-admin-ajax2.jpg","width":148,"height":79,"caption":"Ensemble Orchestral Contemporain"},"image":{"@id":"https:\/\/old-eoc.dev-app.net\/#\/schema\/logo\/image\/"},"sameAs":["https:\/\/www.youtube.com\/user\/EnsembleEOC"]},{"@type":"Person","@id":"https:\/\/old-eoc.dev-app.net\/#\/schema\/person\/22903e18cfb1940ba9e7a40db29c84f8","name":"Am\u00e9lie Finet","image":{"@type":"ImageObject","inLanguage":"en-US","@id":"https:\/\/old-eoc.dev-app.net\/#\/schema\/person\/image\/","url":"https:\/\/secure.gravatar.com\/avatar\/2e0bfbdf5d8965d17c4d51755bcfc940?s=96&d=mm&r=g","contentUrl":"https:\/\/secure.gravatar.com\/avatar\/2e0bfbdf5d8965d17c4d51755bcfc940?s=96&d=mm&r=g","caption":"Am\u00e9lie Finet"},"url":"https:\/\/old-eoc.dev-app.net\/en\/author\/mhermant\/"}]}},"_links":{"self":[{"href":"https:\/\/old-eoc.dev-app.net\/en\/wp-json\/wp\/v2\/posts\/7791","targetHints":{"allow":["GET"]}}],"collection":[{"href":"https:\/\/old-eoc.dev-app.net\/en\/wp-json\/wp\/v2\/posts"}],"about":[{"href":"https:\/\/old-eoc.dev-app.net\/en\/wp-json\/wp\/v2\/types\/post"}],"author":[{"embeddable":true,"href":"https:\/\/old-eoc.dev-app.net\/en\/wp-json\/wp\/v2\/users\/21"}],"replies":[{"embeddable":true,"href":"https:\/\/old-eoc.dev-app.net\/en\/wp-json\/wp\/v2\/comments?post=7791"}],"version-history":[{"count":0,"href":"https:\/\/old-eoc.dev-app.net\/en\/wp-json\/wp\/v2\/posts\/7791\/revisions"}],"wp:featuredmedia":[{"embeddable":true,"href":"https:\/\/old-eoc.dev-app.net\/en\/wp-json\/wp\/v2\/media\/4799"}],"wp:attachment":[{"href":"https:\/\/old-eoc.dev-app.net\/en\/wp-json\/wp\/v2\/media?parent=7791"}],"wp:term":[{"taxonomy":"category","embeddable":true,"href":"https:\/\/old-eoc.dev-app.net\/en\/wp-json\/wp\/v2\/categories?post=7791"},{"taxonomy":"post_tag","embeddable":true,"href":"https:\/\/old-eoc.dev-app.net\/en\/wp-json\/wp\/v2\/tags?post=7791"}],"curies":[{"name":"wp","href":"https:\/\/api.w.org\/{rel}","templated":true}]}}