{"id":6027,"date":"2020-05-18T08:30:02","date_gmt":"2020-05-18T06:30:02","guid":{"rendered":"https:\/\/old-eoc.dev-app.net\/?p=6027"},"modified":"2021-03-15T14:52:49","modified_gmt":"2021-03-15T13:52:49","slug":"sortie-du-disque-pierre-boulez-philippe-manoury","status":"publish","type":"post","link":"https:\/\/old-eoc.dev-app.net\/en\/sortie-du-disque-pierre-boulez-philippe-manoury\/","title":{"rendered":"Revue de presse"},"content":{"rendered":"<p>Lire les critiques du disque d\u00e9di\u00e9 au <em>Marteau sans ma\u00eetre<\/em> de Pierre Boulez et<em> B-Partita<\/em> de Philippe Manoury sorti le 14 f\u00e9vrier 2020 !<!--more--><\/p>\n<p class=\"p3\">\u00ab Pour ce qui concerne l\u2019interpr\u00e9tation bourgeonnante [&#8230;] qu\u2019en donne l\u2019Ensemble orchestral contemporain, on peut parler d\u2019\u00ab \u00e9volution \u00bb.<br \/>\n<a href=\"https:\/\/www.lemonde.fr\/culture\/article\/2020\/03\/06\/selection-albums-boulez-manoury-pierre-de-bethmann-trio-jean-louis-murat_6032078_3246.html\"><b>Le Monde<\/b><\/a> | 08.03.2020 : Boulez-Manoury, Evolution, not revolution<\/p>\n<p class=\"p3\">\u00ab Loin d\u2019une aust\u00e9rit\u00e9 rev\u00eache, la version chant\u00e9e par Salom\u00e9 Haller surprend par sa sensualit\u00e9, sa pulsation, l\u2019envo\u00fbtement sonore [&#8230;]. \u00bb<br \/>\n<b>Valeurs Actuelles<\/b> | 26.03.2020 : Le Marteau sans ma\u00eetre, B-Partita<\/p>\n<p class=\"p3\">\u00ab S\u2019ajoute \u00e0 cela une d\u00e9finition de l\u2019enregistrement tr\u00e8s fine et soign\u00e9e qui permet de go\u00fbter au talent de certains membres de l\u2019Ensemble orchestral contemporain [&#8230;]. \u00bb<br \/>\n<a href=\"http:\/\/anaclase.com\/content\/pierre-boulez-%E2%80%93-philippe-manoury\"><b>Anaclase<\/b><\/a> | 28.03.2020 : Pierre Boulez &#8211; Philippe Manoury, \u0153uvres pour ensemble<\/p>\n<p class=\"p3\">\u00ab Ce nouvel album de l\u2019Ensemble orchestral contemporain est pr\u00e9cieux \u00e0 plus d\u2019un titre [&#8230;]. L\u2019EOC nous livre une interpr\u00e9tation plus incarn\u00e9e et plus juilatoire du <i>Marteau sans ma\u00eetre<\/i>. \u00bb<br \/>\n<a href=\"https:\/\/www.resmusica.com\/2020\/03\/30\/leoc-consacre-la-filiation-boulez-manoury-col-legno\/\"><b>ResMusica<\/b><\/a> | 30.03.2020 : L\u2019EOC consacre la filiation Boulez-Manoury<\/p>\n<p class=\"p3\">\u00ab L\u2019Ensemble orchestral contemporain propose une nouvelle parution superbement enregistr\u00e9e avec Salom\u00e9 Haller. \u00bb<br \/>\n<a href=\"http:\/\/www.classique-c-cool.com\/nouveaut\/boulez-manoury-\/-le-marteau-sans-matre-b-partita\"><b>Classique c\u2019est cool !<\/b><\/a> | 30.03.2020 : Boulez &#8211; Manoury \/ Le Marteau sans ma\u00eetre &#8211; B-Partita<\/p>\n<p class=\"p3\">\u00ab Pizzicato r\u00e9it\u00e9r\u00e9s \u00e0 l\u2019infini, volutes en spirales \u00e9voquant <i>R\u00e9pons<\/i> et un usage de l\u2019\u00e9lectronique d\u2019un raffinement dont le compositeur a le secret constituent les fondements d\u2019une \u0153uvre qui prend toute son ampleur po\u00e9tique [&#8230;], d\u2019une beaut\u00e9 \u00e9nigmatique. \u00bb<br \/>\n<b>Classica<\/b> | 05.2020 : ****<span class=\"Apple-converted-space\">\u00a0 \u00a0 \u00a0 \u00a0 \u00a0<\/span><\/p>\n<p class=\"p3\">\u00ab Outre la partie de violon solo tenue avec une incontestable virtuosit\u00e9 par Ga\u00ebl Rassaert, on appr\u00e9cie une fusion tr\u00e8s organique entre l\u2019ensemble et l\u2019\u00e9lectronique, dont la pyrotechnie [&#8230;] est spectaculaire et plut\u00f4t euphorisante. \u00bb<br \/>\n<b>Diapason<\/b> | 05.2020 : 4 diapasons<\/p>\n<p class=\"p3\">\u00ab Sous la baguette d\u2019un fid\u00e8le, Daniel Kawka [&#8230;], ce \u00ab nouveau \u00bb <i>Marteau<\/i> poss\u00e8de une \u00e9nergie rare. L\u2019auditeur, proche des instruments, se trouve aussit\u00f4t immerg\u00e9 dans une toile sonore bigarr\u00e9e [&#8230;].<span class=\"Apple-converted-space\">\u00a0 <\/span>\u00bb<br \/>\n<a href=\"https:\/\/www.musikzen.fr\/expressionisme-boulezien\/6336?fbclid=IwAR0HAgKRq8iieOji08zVZ4_T3ROMUkNPisAsqFGwVGbEbKpBKI5JEskA39g\"><b>Muzikzen<\/b><\/a> | 01.05.2020 : Expressionisme boul\u00e9zien, jubilation chorale pour <i>Le Marteau sans ma\u00eetre<\/i><\/p>\n<p class=\"p3\">\u00ab L\u2019excellence des instrumentistes de l\u2019Ensemble orchestral contemporain et la direction vivifiante de Daniel Kawka assurent le succ\u00e8s de la pi\u00e8ce.<span class=\"Apple-converted-space\">\u00a0 <\/span>\u00bb<br \/>\n<a href=\"https:\/\/www.forumopera.com\/cd\/boulez-le-marteau-sans-maitre-col-legno-un-marteau-en-memoire-du-maitre\"><b>Forum Opera<\/b><\/a> | 06.05.2020 : Un Marteau en m\u00e9moire du ma\u00eetre<\/p>\n<p class=\"p2\">\u00ab There are various recordings by Boulez himself [&#8230;] but he ought not to have a monopoly, and this entry from the Ensemble Orchestral Contemporain under Daniel Kawka is most welcome. It stands apart in several ways from earlier recordings, most notably in the sound [&#8230;]. \u00bb<br \/>\n<a href=\"https:\/\/www.allmusic.com\/album\/pierre-boulez-le-marteau-sans-ma%C3%AEtre-philippe-manoury-b-partita-mw0003352282\"><b>AllMusic<\/b><\/a> | 06.03.2020 : AllMusic Review by James Manheim<\/p>\n<hr \/>\n<p>Enregistr\u00e9 en mai 2019 au Ch\u00e2teau de Goutelas, centre culturel de rencontre, ce nouveau disque de l&#8217;EOC propose une nouvelle lecture, plus vivante et actuelle, du chef d&#8217;\u0153uvre de Pierre Boulez, <em>Le Marteau sans ma\u00eetre<\/em>, mise en parall\u00e8le avec <em>B-Partita<\/em>, in memoriam Pierre Boulez de Philippe Manoury.<\/p>\n<p>\u00c0 retrouver <a href=\"https:\/\/smarturl.it\/yjtu9n\">ici<\/a> sous le label <a href=\"https:\/\/www.col-legno.com\/en\/home\"><em>col legno<\/em><\/a><\/p>\n<p><small>Avec le soutien de la R\u00e9gion Auvergne-Rh\u00f4ne-Alpes, MFA Musique fran\u00e7aise d&#8217;aujourd&#8217;hui et l&#8217;ADAMI. En collaboration avec l&#8217;IRCAM-Centre Pompidou.\u00a0<\/small><\/p>\n","protected":false},"excerpt":{"rendered":"<p>Lire les critiques du disque d\u00e9di\u00e9 au Marteau sans ma\u00eetre de Pierre Boulez et B-Partita de Philippe Manoury sorti le 14 f\u00e9vrier 2020 !<\/p>\n","protected":false},"author":21,"featured_media":6028,"comment_status":"closed","ping_status":"open","sticky":false,"template":"","format":"standard","meta":{"_acf_changed":false,"footnotes":""},"categories":[1],"tags":[],"class_list":["post-6027","post","type-post","status-publish","format-standard","has-post-thumbnail","hentry","category-actualite"],"acf":[],"yoast_head":"<!-- This site is optimized with the Yoast SEO plugin v24.8.1 - https:\/\/yoast.com\/wordpress\/plugins\/seo\/ -->\n<title>Revue de presse - Ensemble Orchestral Contemporain<\/title>\n<meta name=\"robots\" content=\"noindex, follow, max-snippet:-1, max-image-preview:large, max-video-preview:-1\" \/>\n<meta property=\"og:locale\" content=\"en_US\" \/>\n<meta property=\"og:type\" content=\"article\" \/>\n<meta property=\"og:title\" content=\"Revue de presse - Ensemble Orchestral Contemporain\" \/>\n<meta property=\"og:description\" content=\"Lire les critiques du disque d\u00e9di\u00e9 au Marteau sans ma\u00eetre de Pierre Boulez et B-Partita de Philippe Manoury sorti le 14 f\u00e9vrier 2020 !\" \/>\n<meta property=\"og:url\" content=\"https:\/\/old-eoc.dev-app.net\/sortie-du-disque-pierre-boulez-philippe-manoury\/\" \/>\n<meta property=\"og:site_name\" content=\"Ensemble Orchestral Contemporain\" \/>\n<meta property=\"article:published_time\" content=\"2020-05-18T06:30:02+00:00\" \/>\n<meta property=\"article:modified_time\" content=\"2021-03-15T13:52:49+00:00\" \/>\n<meta property=\"og:image\" content=\"https:\/\/old-eoc.dev-app.net\/wp-content\/uploads\/2020\/02\/cd-boulez-manoury.jpg\" \/>\n\t<meta property=\"og:image:width\" content=\"1920\" \/>\n\t<meta property=\"og:image:height\" content=\"1439\" \/>\n\t<meta property=\"og:image:type\" content=\"image\/jpeg\" \/>\n<meta name=\"author\" content=\"Am\u00e9lie Finet\" \/>\n<meta name=\"twitter:card\" content=\"summary_large_image\" \/>\n<meta name=\"twitter:label1\" content=\"Written by\" \/>\n\t<meta name=\"twitter:data1\" content=\"Am\u00e9lie Finet\" \/>\n\t<meta name=\"twitter:label2\" content=\"Est. reading time\" \/>\n\t<meta name=\"twitter:data2\" content=\"2 minutes\" \/>\n<script type=\"application\/ld+json\" class=\"yoast-schema-graph\">{\"@context\":\"https:\/\/schema.org\",\"@graph\":[{\"@type\":\"Article\",\"@id\":\"https:\/\/old-eoc.dev-app.net\/sortie-du-disque-pierre-boulez-philippe-manoury\/#article\",\"isPartOf\":{\"@id\":\"https:\/\/old-eoc.dev-app.net\/sortie-du-disque-pierre-boulez-philippe-manoury\/\"},\"author\":{\"name\":\"Am\u00e9lie Finet\",\"@id\":\"https:\/\/old-eoc.dev-app.net\/#\/schema\/person\/22903e18cfb1940ba9e7a40db29c84f8\"},\"headline\":\"Revue de presse\",\"datePublished\":\"2020-05-18T06:30:02+00:00\",\"dateModified\":\"2021-03-15T13:52:49+00:00\",\"mainEntityOfPage\":{\"@id\":\"https:\/\/old-eoc.dev-app.net\/sortie-du-disque-pierre-boulez-philippe-manoury\/\"},\"wordCount\":489,\"publisher\":{\"@id\":\"https:\/\/old-eoc.dev-app.net\/#organization\"},\"image\":{\"@id\":\"https:\/\/old-eoc.dev-app.net\/sortie-du-disque-pierre-boulez-philippe-manoury\/#primaryimage\"},\"thumbnailUrl\":\"https:\/\/old-eoc.dev-app.net\/wp-content\/uploads\/2020\/02\/cd-boulez-manoury.jpg\",\"articleSection\":[\"Actualit\u00e9\"],\"inLanguage\":\"en-US\"},{\"@type\":\"WebPage\",\"@id\":\"https:\/\/old-eoc.dev-app.net\/sortie-du-disque-pierre-boulez-philippe-manoury\/\",\"url\":\"https:\/\/old-eoc.dev-app.net\/sortie-du-disque-pierre-boulez-philippe-manoury\/\",\"name\":\"Revue de presse - Ensemble Orchestral Contemporain\",\"isPartOf\":{\"@id\":\"https:\/\/old-eoc.dev-app.net\/#website\"},\"primaryImageOfPage\":{\"@id\":\"https:\/\/old-eoc.dev-app.net\/sortie-du-disque-pierre-boulez-philippe-manoury\/#primaryimage\"},\"image\":{\"@id\":\"https:\/\/old-eoc.dev-app.net\/sortie-du-disque-pierre-boulez-philippe-manoury\/#primaryimage\"},\"thumbnailUrl\":\"https:\/\/old-eoc.dev-app.net\/wp-content\/uploads\/2020\/02\/cd-boulez-manoury.jpg\",\"datePublished\":\"2020-05-18T06:30:02+00:00\",\"dateModified\":\"2021-03-15T13:52:49+00:00\",\"breadcrumb\":{\"@id\":\"https:\/\/old-eoc.dev-app.net\/sortie-du-disque-pierre-boulez-philippe-manoury\/#breadcrumb\"},\"inLanguage\":\"en-US\",\"potentialAction\":[{\"@type\":\"ReadAction\",\"target\":[\"https:\/\/old-eoc.dev-app.net\/sortie-du-disque-pierre-boulez-philippe-manoury\/\"]}]},{\"@type\":\"ImageObject\",\"inLanguage\":\"en-US\",\"@id\":\"https:\/\/old-eoc.dev-app.net\/sortie-du-disque-pierre-boulez-philippe-manoury\/#primaryimage\",\"url\":\"https:\/\/old-eoc.dev-app.net\/wp-content\/uploads\/2020\/02\/cd-boulez-manoury.jpg\",\"contentUrl\":\"https:\/\/old-eoc.dev-app.net\/wp-content\/uploads\/2020\/02\/cd-boulez-manoury.jpg\",\"width\":1920,\"height\":1439},{\"@type\":\"BreadcrumbList\",\"@id\":\"https:\/\/old-eoc.dev-app.net\/sortie-du-disque-pierre-boulez-philippe-manoury\/#breadcrumb\",\"itemListElement\":[{\"@type\":\"ListItem\",\"position\":1,\"name\":\"Accueil\",\"item\":\"https:\/\/old-eoc.dev-app.net\/en\/\"},{\"@type\":\"ListItem\",\"position\":2,\"name\":\"Revue de presse\"}]},{\"@type\":\"WebSite\",\"@id\":\"https:\/\/old-eoc.dev-app.net\/#website\",\"url\":\"https:\/\/old-eoc.dev-app.net\/\",\"name\":\"Ensemble Orchestral Contemporain\",\"description\":\"Direction Daniel Kawka\",\"publisher\":{\"@id\":\"https:\/\/old-eoc.dev-app.net\/#organization\"},\"potentialAction\":[{\"@type\":\"SearchAction\",\"target\":{\"@type\":\"EntryPoint\",\"urlTemplate\":\"https:\/\/old-eoc.dev-app.net\/?s={search_term_string}\"},\"query-input\":{\"@type\":\"PropertyValueSpecification\",\"valueRequired\":true,\"valueName\":\"search_term_string\"}}],\"inLanguage\":\"en-US\"},{\"@type\":\"Organization\",\"@id\":\"https:\/\/old-eoc.dev-app.net\/#organization\",\"name\":\"Ensemble Orchestral Contemporain\",\"url\":\"https:\/\/old-eoc.dev-app.net\/\",\"logo\":{\"@type\":\"ImageObject\",\"inLanguage\":\"en-US\",\"@id\":\"https:\/\/old-eoc.dev-app.net\/#\/schema\/logo\/image\/\",\"url\":\"https:\/\/old-eoc.dev-app.net\/wp-content\/uploads\/2024\/02\/cropped-admin-ajax2.jpg\",\"contentUrl\":\"https:\/\/old-eoc.dev-app.net\/wp-content\/uploads\/2024\/02\/cropped-admin-ajax2.jpg\",\"width\":148,\"height\":79,\"caption\":\"Ensemble Orchestral Contemporain\"},\"image\":{\"@id\":\"https:\/\/old-eoc.dev-app.net\/#\/schema\/logo\/image\/\"},\"sameAs\":[\"https:\/\/www.youtube.com\/user\/EnsembleEOC\"]},{\"@type\":\"Person\",\"@id\":\"https:\/\/old-eoc.dev-app.net\/#\/schema\/person\/22903e18cfb1940ba9e7a40db29c84f8\",\"name\":\"Am\u00e9lie Finet\",\"image\":{\"@type\":\"ImageObject\",\"inLanguage\":\"en-US\",\"@id\":\"https:\/\/old-eoc.dev-app.net\/#\/schema\/person\/image\/\",\"url\":\"https:\/\/secure.gravatar.com\/avatar\/2e0bfbdf5d8965d17c4d51755bcfc940?s=96&d=mm&r=g\",\"contentUrl\":\"https:\/\/secure.gravatar.com\/avatar\/2e0bfbdf5d8965d17c4d51755bcfc940?s=96&d=mm&r=g\",\"caption\":\"Am\u00e9lie Finet\"},\"url\":\"https:\/\/old-eoc.dev-app.net\/en\/author\/mhermant\/\"}]}<\/script>\n<!-- \/ Yoast SEO plugin. -->","yoast_head_json":{"title":"Revue de presse - Ensemble Orchestral Contemporain","robots":{"index":"noindex","follow":"follow","max-snippet":"max-snippet:-1","max-image-preview":"max-image-preview:large","max-video-preview":"max-video-preview:-1"},"og_locale":"en_US","og_type":"article","og_title":"Revue de presse - Ensemble Orchestral Contemporain","og_description":"Lire les critiques du disque d\u00e9di\u00e9 au Marteau sans ma\u00eetre de Pierre Boulez et B-Partita de Philippe Manoury sorti le 14 f\u00e9vrier 2020 !","og_url":"https:\/\/old-eoc.dev-app.net\/sortie-du-disque-pierre-boulez-philippe-manoury\/","og_site_name":"Ensemble Orchestral Contemporain","article_published_time":"2020-05-18T06:30:02+00:00","article_modified_time":"2021-03-15T13:52:49+00:00","og_image":[{"width":1920,"height":1439,"url":"https:\/\/old-eoc.dev-app.net\/wp-content\/uploads\/2020\/02\/cd-boulez-manoury.jpg","type":"image\/jpeg"}],"author":"Am\u00e9lie Finet","twitter_card":"summary_large_image","twitter_misc":{"Written by":"Am\u00e9lie Finet","Est. reading time":"2 minutes"},"schema":{"@context":"https:\/\/schema.org","@graph":[{"@type":"Article","@id":"https:\/\/old-eoc.dev-app.net\/sortie-du-disque-pierre-boulez-philippe-manoury\/#article","isPartOf":{"@id":"https:\/\/old-eoc.dev-app.net\/sortie-du-disque-pierre-boulez-philippe-manoury\/"},"author":{"name":"Am\u00e9lie Finet","@id":"https:\/\/old-eoc.dev-app.net\/#\/schema\/person\/22903e18cfb1940ba9e7a40db29c84f8"},"headline":"Revue de presse","datePublished":"2020-05-18T06:30:02+00:00","dateModified":"2021-03-15T13:52:49+00:00","mainEntityOfPage":{"@id":"https:\/\/old-eoc.dev-app.net\/sortie-du-disque-pierre-boulez-philippe-manoury\/"},"wordCount":489,"publisher":{"@id":"https:\/\/old-eoc.dev-app.net\/#organization"},"image":{"@id":"https:\/\/old-eoc.dev-app.net\/sortie-du-disque-pierre-boulez-philippe-manoury\/#primaryimage"},"thumbnailUrl":"https:\/\/old-eoc.dev-app.net\/wp-content\/uploads\/2020\/02\/cd-boulez-manoury.jpg","articleSection":["Actualit\u00e9"],"inLanguage":"en-US"},{"@type":"WebPage","@id":"https:\/\/old-eoc.dev-app.net\/sortie-du-disque-pierre-boulez-philippe-manoury\/","url":"https:\/\/old-eoc.dev-app.net\/sortie-du-disque-pierre-boulez-philippe-manoury\/","name":"Revue de presse - Ensemble Orchestral Contemporain","isPartOf":{"@id":"https:\/\/old-eoc.dev-app.net\/#website"},"primaryImageOfPage":{"@id":"https:\/\/old-eoc.dev-app.net\/sortie-du-disque-pierre-boulez-philippe-manoury\/#primaryimage"},"image":{"@id":"https:\/\/old-eoc.dev-app.net\/sortie-du-disque-pierre-boulez-philippe-manoury\/#primaryimage"},"thumbnailUrl":"https:\/\/old-eoc.dev-app.net\/wp-content\/uploads\/2020\/02\/cd-boulez-manoury.jpg","datePublished":"2020-05-18T06:30:02+00:00","dateModified":"2021-03-15T13:52:49+00:00","breadcrumb":{"@id":"https:\/\/old-eoc.dev-app.net\/sortie-du-disque-pierre-boulez-philippe-manoury\/#breadcrumb"},"inLanguage":"en-US","potentialAction":[{"@type":"ReadAction","target":["https:\/\/old-eoc.dev-app.net\/sortie-du-disque-pierre-boulez-philippe-manoury\/"]}]},{"@type":"ImageObject","inLanguage":"en-US","@id":"https:\/\/old-eoc.dev-app.net\/sortie-du-disque-pierre-boulez-philippe-manoury\/#primaryimage","url":"https:\/\/old-eoc.dev-app.net\/wp-content\/uploads\/2020\/02\/cd-boulez-manoury.jpg","contentUrl":"https:\/\/old-eoc.dev-app.net\/wp-content\/uploads\/2020\/02\/cd-boulez-manoury.jpg","width":1920,"height":1439},{"@type":"BreadcrumbList","@id":"https:\/\/old-eoc.dev-app.net\/sortie-du-disque-pierre-boulez-philippe-manoury\/#breadcrumb","itemListElement":[{"@type":"ListItem","position":1,"name":"Accueil","item":"https:\/\/old-eoc.dev-app.net\/en\/"},{"@type":"ListItem","position":2,"name":"Revue de presse"}]},{"@type":"WebSite","@id":"https:\/\/old-eoc.dev-app.net\/#website","url":"https:\/\/old-eoc.dev-app.net\/","name":"Ensemble Orchestral Contemporain","description":"Direction Daniel Kawka","publisher":{"@id":"https:\/\/old-eoc.dev-app.net\/#organization"},"potentialAction":[{"@type":"SearchAction","target":{"@type":"EntryPoint","urlTemplate":"https:\/\/old-eoc.dev-app.net\/?s={search_term_string}"},"query-input":{"@type":"PropertyValueSpecification","valueRequired":true,"valueName":"search_term_string"}}],"inLanguage":"en-US"},{"@type":"Organization","@id":"https:\/\/old-eoc.dev-app.net\/#organization","name":"Ensemble Orchestral Contemporain","url":"https:\/\/old-eoc.dev-app.net\/","logo":{"@type":"ImageObject","inLanguage":"en-US","@id":"https:\/\/old-eoc.dev-app.net\/#\/schema\/logo\/image\/","url":"https:\/\/old-eoc.dev-app.net\/wp-content\/uploads\/2024\/02\/cropped-admin-ajax2.jpg","contentUrl":"https:\/\/old-eoc.dev-app.net\/wp-content\/uploads\/2024\/02\/cropped-admin-ajax2.jpg","width":148,"height":79,"caption":"Ensemble Orchestral Contemporain"},"image":{"@id":"https:\/\/old-eoc.dev-app.net\/#\/schema\/logo\/image\/"},"sameAs":["https:\/\/www.youtube.com\/user\/EnsembleEOC"]},{"@type":"Person","@id":"https:\/\/old-eoc.dev-app.net\/#\/schema\/person\/22903e18cfb1940ba9e7a40db29c84f8","name":"Am\u00e9lie Finet","image":{"@type":"ImageObject","inLanguage":"en-US","@id":"https:\/\/old-eoc.dev-app.net\/#\/schema\/person\/image\/","url":"https:\/\/secure.gravatar.com\/avatar\/2e0bfbdf5d8965d17c4d51755bcfc940?s=96&d=mm&r=g","contentUrl":"https:\/\/secure.gravatar.com\/avatar\/2e0bfbdf5d8965d17c4d51755bcfc940?s=96&d=mm&r=g","caption":"Am\u00e9lie Finet"},"url":"https:\/\/old-eoc.dev-app.net\/en\/author\/mhermant\/"}]}},"_links":{"self":[{"href":"https:\/\/old-eoc.dev-app.net\/en\/wp-json\/wp\/v2\/posts\/6027","targetHints":{"allow":["GET"]}}],"collection":[{"href":"https:\/\/old-eoc.dev-app.net\/en\/wp-json\/wp\/v2\/posts"}],"about":[{"href":"https:\/\/old-eoc.dev-app.net\/en\/wp-json\/wp\/v2\/types\/post"}],"author":[{"embeddable":true,"href":"https:\/\/old-eoc.dev-app.net\/en\/wp-json\/wp\/v2\/users\/21"}],"replies":[{"embeddable":true,"href":"https:\/\/old-eoc.dev-app.net\/en\/wp-json\/wp\/v2\/comments?post=6027"}],"version-history":[{"count":0,"href":"https:\/\/old-eoc.dev-app.net\/en\/wp-json\/wp\/v2\/posts\/6027\/revisions"}],"wp:featuredmedia":[{"embeddable":true,"href":"https:\/\/old-eoc.dev-app.net\/en\/wp-json\/wp\/v2\/media\/6028"}],"wp:attachment":[{"href":"https:\/\/old-eoc.dev-app.net\/en\/wp-json\/wp\/v2\/media?parent=6027"}],"wp:term":[{"taxonomy":"category","embeddable":true,"href":"https:\/\/old-eoc.dev-app.net\/en\/wp-json\/wp\/v2\/categories?post=6027"},{"taxonomy":"post_tag","embeddable":true,"href":"https:\/\/old-eoc.dev-app.net\/en\/wp-json\/wp\/v2\/tags?post=6027"}],"curies":[{"name":"wp","href":"https:\/\/api.w.org\/{rel}","templated":true}]}}