{"id":3430,"date":"2019-03-13T13:08:35","date_gmt":"2019-03-13T12:08:35","guid":{"rendered":"https:\/\/old-eoc.dev-app.net\/?p=3430"},"modified":"2019-09-19T11:12:50","modified_gmt":"2019-09-19T09:12:50","slug":"autour-des-concerts-passerelles","status":"publish","type":"post","link":"https:\/\/old-eoc.dev-app.net\/en\/autour-des-concerts-passerelles\/","title":{"rendered":"Autour des concerts : Passerelles"},"content":{"rendered":"<div class=\"_2cuy _3dgx _2vxa\">Les \u00e9l\u00e8ves volontaires du Coll\u00e8ge Jacques Pr\u00e9vert (Andr\u00e9zieux-Bouth\u00e9on) ont rencontr\u00e9 <span class=\"_4yxo\">Claudio<\/span><span class=\"_4yxo\"> Bettinelli<\/span>\u00a0dans le cadre du projet Passerelles.<!--more--><\/div>\n<div class=\"_2cuy _3dgx _2vxa\">Celui-ci vise \u00e0 sensibiliser les \u00e9l\u00e8ves aux esth\u00e9tiques musicales et chor\u00e9graphiques contemporaines, en partenariat avec la <span class=\"_4yxr\">Compagnie Dyptik<\/span> et le soutien du <span class=\"_4yxr\">D\u00e9partement de la Loire<\/span>.<\/div>\n<div class=\"_2cuy _3dgx _2vxa\">Pour cette premi\u00e8re rencontre, les \u00e9l\u00e8ves ont ainsi d\u00e9couvert l\u2019univers musical offert par l\u2019\u00e9lectronique et ont commenc\u00e9 \u00e0 travailler sur le geste et l\u2019improvisation par petits groupes, accompagn\u00e9s d\u2019instruments et capteurs : theremin, micro-contact, clavier midi, contr\u00f4leur&#8230;<\/div>\n<div class=\"_2cuy _3dgx _2vxa\">Prochaines r\u00e9p\u00e9titions le jeudi 21 mars avant une journ\u00e9e commune de travail avec les \u00e9l\u00e8ves danseurs du coll\u00e8ge le vendredi 22 mars.<\/div>\n<div><\/div>\n<div><a href=\"https:\/\/old-eoc.dev-app.net\/autour-des-concerts\/actions-artistiques-et-culturelles\/action\/passerelles\/\">En savoir plus sur le projet<\/a><\/div>\n","protected":false},"excerpt":{"rendered":"<p>Les \u00e9l\u00e8ves volontaires du Coll\u00e8ge Jacques Pr\u00e9vert (Andr\u00e9zieux-Bouth\u00e9on) ont rencontr\u00e9 Claudio Bettinelli\u00a0dans le cadre du projet Passerelles.<\/p>\n","protected":false},"author":21,"featured_media":3431,"comment_status":"closed","ping_status":"open","sticky":false,"template":"","format":"standard","meta":{"_acf_changed":false,"footnotes":""},"categories":[1],"tags":[],"class_list":["post-3430","post","type-post","status-publish","format-standard","has-post-thumbnail","hentry","category-actualite"],"acf":[],"yoast_head":"<!-- This site is optimized with the Yoast SEO plugin v24.8.1 - https:\/\/yoast.com\/wordpress\/plugins\/seo\/ -->\n<title>Autour des concerts : Passerelles - Ensemble Orchestral Contemporain<\/title>\n<meta name=\"robots\" content=\"noindex, follow, max-snippet:-1, max-image-preview:large, max-video-preview:-1\" \/>\n<meta property=\"og:locale\" content=\"en_US\" \/>\n<meta property=\"og:type\" content=\"article\" \/>\n<meta property=\"og:title\" content=\"Autour des concerts : Passerelles - Ensemble Orchestral Contemporain\" \/>\n<meta property=\"og:description\" content=\"Les \u00e9l\u00e8ves volontaires du Coll\u00e8ge Jacques Pr\u00e9vert (Andr\u00e9zieux-Bouth\u00e9on) ont rencontr\u00e9 Claudio Bettinelli\u00a0dans le cadre du projet Passerelles.\" \/>\n<meta property=\"og:url\" content=\"https:\/\/old-eoc.dev-app.net\/autour-des-concerts-passerelles\/\" \/>\n<meta property=\"og:site_name\" content=\"Ensemble Orchestral Contemporain\" \/>\n<meta property=\"article:published_time\" content=\"2019-03-13T12:08:35+00:00\" \/>\n<meta property=\"article:modified_time\" content=\"2019-09-19T09:12:50+00:00\" \/>\n<meta property=\"og:image\" content=\"https:\/\/old-eoc.dev-app.net\/wp-content\/uploads\/2019\/03\/Passerelles.jpg\" \/>\n\t<meta property=\"og:image:width\" content=\"1920\" \/>\n\t<meta property=\"og:image:height\" content=\"1442\" \/>\n\t<meta property=\"og:image:type\" content=\"image\/jpeg\" \/>\n<meta name=\"author\" content=\"Am\u00e9lie Finet\" \/>\n<meta name=\"twitter:card\" content=\"summary_large_image\" \/>\n<meta name=\"twitter:label1\" content=\"Written by\" \/>\n\t<meta name=\"twitter:data1\" content=\"Am\u00e9lie Finet\" \/>\n\t<meta name=\"twitter:label2\" content=\"Est. reading time\" \/>\n\t<meta name=\"twitter:data2\" content=\"1 minute\" \/>\n<script type=\"application\/ld+json\" class=\"yoast-schema-graph\">{\"@context\":\"https:\/\/schema.org\",\"@graph\":[{\"@type\":\"Article\",\"@id\":\"https:\/\/old-eoc.dev-app.net\/autour-des-concerts-passerelles\/#article\",\"isPartOf\":{\"@id\":\"https:\/\/old-eoc.dev-app.net\/autour-des-concerts-passerelles\/\"},\"author\":{\"name\":\"Am\u00e9lie Finet\",\"@id\":\"https:\/\/old-eoc.dev-app.net\/#\/schema\/person\/22903e18cfb1940ba9e7a40db29c84f8\"},\"headline\":\"Autour des concerts : Passerelles\",\"datePublished\":\"2019-03-13T12:08:35+00:00\",\"dateModified\":\"2019-09-19T09:12:50+00:00\",\"mainEntityOfPage\":{\"@id\":\"https:\/\/old-eoc.dev-app.net\/autour-des-concerts-passerelles\/\"},\"wordCount\":131,\"publisher\":{\"@id\":\"https:\/\/old-eoc.dev-app.net\/#organization\"},\"image\":{\"@id\":\"https:\/\/old-eoc.dev-app.net\/autour-des-concerts-passerelles\/#primaryimage\"},\"thumbnailUrl\":\"https:\/\/old-eoc.dev-app.net\/wp-content\/uploads\/2019\/03\/Passerelles.jpg\",\"articleSection\":[\"Actualit\u00e9\"],\"inLanguage\":\"en-US\"},{\"@type\":\"WebPage\",\"@id\":\"https:\/\/old-eoc.dev-app.net\/autour-des-concerts-passerelles\/\",\"url\":\"https:\/\/old-eoc.dev-app.net\/autour-des-concerts-passerelles\/\",\"name\":\"Autour des concerts : Passerelles - Ensemble Orchestral Contemporain\",\"isPartOf\":{\"@id\":\"https:\/\/old-eoc.dev-app.net\/#website\"},\"primaryImageOfPage\":{\"@id\":\"https:\/\/old-eoc.dev-app.net\/autour-des-concerts-passerelles\/#primaryimage\"},\"image\":{\"@id\":\"https:\/\/old-eoc.dev-app.net\/autour-des-concerts-passerelles\/#primaryimage\"},\"thumbnailUrl\":\"https:\/\/old-eoc.dev-app.net\/wp-content\/uploads\/2019\/03\/Passerelles.jpg\",\"datePublished\":\"2019-03-13T12:08:35+00:00\",\"dateModified\":\"2019-09-19T09:12:50+00:00\",\"breadcrumb\":{\"@id\":\"https:\/\/old-eoc.dev-app.net\/autour-des-concerts-passerelles\/#breadcrumb\"},\"inLanguage\":\"en-US\",\"potentialAction\":[{\"@type\":\"ReadAction\",\"target\":[\"https:\/\/old-eoc.dev-app.net\/autour-des-concerts-passerelles\/\"]}]},{\"@type\":\"ImageObject\",\"inLanguage\":\"en-US\",\"@id\":\"https:\/\/old-eoc.dev-app.net\/autour-des-concerts-passerelles\/#primaryimage\",\"url\":\"https:\/\/old-eoc.dev-app.net\/wp-content\/uploads\/2019\/03\/Passerelles.jpg\",\"contentUrl\":\"https:\/\/old-eoc.dev-app.net\/wp-content\/uploads\/2019\/03\/Passerelles.jpg\",\"width\":1920,\"height\":1442},{\"@type\":\"BreadcrumbList\",\"@id\":\"https:\/\/old-eoc.dev-app.net\/autour-des-concerts-passerelles\/#breadcrumb\",\"itemListElement\":[{\"@type\":\"ListItem\",\"position\":1,\"name\":\"Accueil\",\"item\":\"https:\/\/old-eoc.dev-app.net\/en\/\"},{\"@type\":\"ListItem\",\"position\":2,\"name\":\"Autour des concerts : Passerelles\"}]},{\"@type\":\"WebSite\",\"@id\":\"https:\/\/old-eoc.dev-app.net\/#website\",\"url\":\"https:\/\/old-eoc.dev-app.net\/\",\"name\":\"Ensemble Orchestral Contemporain\",\"description\":\"Direction Daniel Kawka\",\"publisher\":{\"@id\":\"https:\/\/old-eoc.dev-app.net\/#organization\"},\"potentialAction\":[{\"@type\":\"SearchAction\",\"target\":{\"@type\":\"EntryPoint\",\"urlTemplate\":\"https:\/\/old-eoc.dev-app.net\/?s={search_term_string}\"},\"query-input\":{\"@type\":\"PropertyValueSpecification\",\"valueRequired\":true,\"valueName\":\"search_term_string\"}}],\"inLanguage\":\"en-US\"},{\"@type\":\"Organization\",\"@id\":\"https:\/\/old-eoc.dev-app.net\/#organization\",\"name\":\"Ensemble Orchestral Contemporain\",\"url\":\"https:\/\/old-eoc.dev-app.net\/\",\"logo\":{\"@type\":\"ImageObject\",\"inLanguage\":\"en-US\",\"@id\":\"https:\/\/old-eoc.dev-app.net\/#\/schema\/logo\/image\/\",\"url\":\"https:\/\/old-eoc.dev-app.net\/wp-content\/uploads\/2024\/02\/cropped-admin-ajax2.jpg\",\"contentUrl\":\"https:\/\/old-eoc.dev-app.net\/wp-content\/uploads\/2024\/02\/cropped-admin-ajax2.jpg\",\"width\":148,\"height\":79,\"caption\":\"Ensemble Orchestral Contemporain\"},\"image\":{\"@id\":\"https:\/\/old-eoc.dev-app.net\/#\/schema\/logo\/image\/\"},\"sameAs\":[\"https:\/\/www.youtube.com\/user\/EnsembleEOC\"]},{\"@type\":\"Person\",\"@id\":\"https:\/\/old-eoc.dev-app.net\/#\/schema\/person\/22903e18cfb1940ba9e7a40db29c84f8\",\"name\":\"Am\u00e9lie Finet\",\"image\":{\"@type\":\"ImageObject\",\"inLanguage\":\"en-US\",\"@id\":\"https:\/\/old-eoc.dev-app.net\/#\/schema\/person\/image\/\",\"url\":\"https:\/\/secure.gravatar.com\/avatar\/2e0bfbdf5d8965d17c4d51755bcfc940?s=96&d=mm&r=g\",\"contentUrl\":\"https:\/\/secure.gravatar.com\/avatar\/2e0bfbdf5d8965d17c4d51755bcfc940?s=96&d=mm&r=g\",\"caption\":\"Am\u00e9lie Finet\"},\"url\":\"https:\/\/old-eoc.dev-app.net\/en\/author\/mhermant\/\"}]}<\/script>\n<!-- \/ Yoast SEO plugin. -->","yoast_head_json":{"title":"Autour des concerts : Passerelles - Ensemble Orchestral Contemporain","robots":{"index":"noindex","follow":"follow","max-snippet":"max-snippet:-1","max-image-preview":"max-image-preview:large","max-video-preview":"max-video-preview:-1"},"og_locale":"en_US","og_type":"article","og_title":"Autour des concerts : Passerelles - Ensemble Orchestral Contemporain","og_description":"Les \u00e9l\u00e8ves volontaires du Coll\u00e8ge Jacques Pr\u00e9vert (Andr\u00e9zieux-Bouth\u00e9on) ont rencontr\u00e9 Claudio Bettinelli\u00a0dans le cadre du projet Passerelles.","og_url":"https:\/\/old-eoc.dev-app.net\/autour-des-concerts-passerelles\/","og_site_name":"Ensemble Orchestral Contemporain","article_published_time":"2019-03-13T12:08:35+00:00","article_modified_time":"2019-09-19T09:12:50+00:00","og_image":[{"width":1920,"height":1442,"url":"https:\/\/old-eoc.dev-app.net\/wp-content\/uploads\/2019\/03\/Passerelles.jpg","type":"image\/jpeg"}],"author":"Am\u00e9lie Finet","twitter_card":"summary_large_image","twitter_misc":{"Written by":"Am\u00e9lie Finet","Est. reading time":"1 minute"},"schema":{"@context":"https:\/\/schema.org","@graph":[{"@type":"Article","@id":"https:\/\/old-eoc.dev-app.net\/autour-des-concerts-passerelles\/#article","isPartOf":{"@id":"https:\/\/old-eoc.dev-app.net\/autour-des-concerts-passerelles\/"},"author":{"name":"Am\u00e9lie Finet","@id":"https:\/\/old-eoc.dev-app.net\/#\/schema\/person\/22903e18cfb1940ba9e7a40db29c84f8"},"headline":"Autour des concerts : Passerelles","datePublished":"2019-03-13T12:08:35+00:00","dateModified":"2019-09-19T09:12:50+00:00","mainEntityOfPage":{"@id":"https:\/\/old-eoc.dev-app.net\/autour-des-concerts-passerelles\/"},"wordCount":131,"publisher":{"@id":"https:\/\/old-eoc.dev-app.net\/#organization"},"image":{"@id":"https:\/\/old-eoc.dev-app.net\/autour-des-concerts-passerelles\/#primaryimage"},"thumbnailUrl":"https:\/\/old-eoc.dev-app.net\/wp-content\/uploads\/2019\/03\/Passerelles.jpg","articleSection":["Actualit\u00e9"],"inLanguage":"en-US"},{"@type":"WebPage","@id":"https:\/\/old-eoc.dev-app.net\/autour-des-concerts-passerelles\/","url":"https:\/\/old-eoc.dev-app.net\/autour-des-concerts-passerelles\/","name":"Autour des concerts : Passerelles - Ensemble Orchestral Contemporain","isPartOf":{"@id":"https:\/\/old-eoc.dev-app.net\/#website"},"primaryImageOfPage":{"@id":"https:\/\/old-eoc.dev-app.net\/autour-des-concerts-passerelles\/#primaryimage"},"image":{"@id":"https:\/\/old-eoc.dev-app.net\/autour-des-concerts-passerelles\/#primaryimage"},"thumbnailUrl":"https:\/\/old-eoc.dev-app.net\/wp-content\/uploads\/2019\/03\/Passerelles.jpg","datePublished":"2019-03-13T12:08:35+00:00","dateModified":"2019-09-19T09:12:50+00:00","breadcrumb":{"@id":"https:\/\/old-eoc.dev-app.net\/autour-des-concerts-passerelles\/#breadcrumb"},"inLanguage":"en-US","potentialAction":[{"@type":"ReadAction","target":["https:\/\/old-eoc.dev-app.net\/autour-des-concerts-passerelles\/"]}]},{"@type":"ImageObject","inLanguage":"en-US","@id":"https:\/\/old-eoc.dev-app.net\/autour-des-concerts-passerelles\/#primaryimage","url":"https:\/\/old-eoc.dev-app.net\/wp-content\/uploads\/2019\/03\/Passerelles.jpg","contentUrl":"https:\/\/old-eoc.dev-app.net\/wp-content\/uploads\/2019\/03\/Passerelles.jpg","width":1920,"height":1442},{"@type":"BreadcrumbList","@id":"https:\/\/old-eoc.dev-app.net\/autour-des-concerts-passerelles\/#breadcrumb","itemListElement":[{"@type":"ListItem","position":1,"name":"Accueil","item":"https:\/\/old-eoc.dev-app.net\/en\/"},{"@type":"ListItem","position":2,"name":"Autour des concerts : Passerelles"}]},{"@type":"WebSite","@id":"https:\/\/old-eoc.dev-app.net\/#website","url":"https:\/\/old-eoc.dev-app.net\/","name":"Ensemble Orchestral Contemporain","description":"Direction Daniel Kawka","publisher":{"@id":"https:\/\/old-eoc.dev-app.net\/#organization"},"potentialAction":[{"@type":"SearchAction","target":{"@type":"EntryPoint","urlTemplate":"https:\/\/old-eoc.dev-app.net\/?s={search_term_string}"},"query-input":{"@type":"PropertyValueSpecification","valueRequired":true,"valueName":"search_term_string"}}],"inLanguage":"en-US"},{"@type":"Organization","@id":"https:\/\/old-eoc.dev-app.net\/#organization","name":"Ensemble Orchestral Contemporain","url":"https:\/\/old-eoc.dev-app.net\/","logo":{"@type":"ImageObject","inLanguage":"en-US","@id":"https:\/\/old-eoc.dev-app.net\/#\/schema\/logo\/image\/","url":"https:\/\/old-eoc.dev-app.net\/wp-content\/uploads\/2024\/02\/cropped-admin-ajax2.jpg","contentUrl":"https:\/\/old-eoc.dev-app.net\/wp-content\/uploads\/2024\/02\/cropped-admin-ajax2.jpg","width":148,"height":79,"caption":"Ensemble Orchestral Contemporain"},"image":{"@id":"https:\/\/old-eoc.dev-app.net\/#\/schema\/logo\/image\/"},"sameAs":["https:\/\/www.youtube.com\/user\/EnsembleEOC"]},{"@type":"Person","@id":"https:\/\/old-eoc.dev-app.net\/#\/schema\/person\/22903e18cfb1940ba9e7a40db29c84f8","name":"Am\u00e9lie Finet","image":{"@type":"ImageObject","inLanguage":"en-US","@id":"https:\/\/old-eoc.dev-app.net\/#\/schema\/person\/image\/","url":"https:\/\/secure.gravatar.com\/avatar\/2e0bfbdf5d8965d17c4d51755bcfc940?s=96&d=mm&r=g","contentUrl":"https:\/\/secure.gravatar.com\/avatar\/2e0bfbdf5d8965d17c4d51755bcfc940?s=96&d=mm&r=g","caption":"Am\u00e9lie Finet"},"url":"https:\/\/old-eoc.dev-app.net\/en\/author\/mhermant\/"}]}},"_links":{"self":[{"href":"https:\/\/old-eoc.dev-app.net\/en\/wp-json\/wp\/v2\/posts\/3430","targetHints":{"allow":["GET"]}}],"collection":[{"href":"https:\/\/old-eoc.dev-app.net\/en\/wp-json\/wp\/v2\/posts"}],"about":[{"href":"https:\/\/old-eoc.dev-app.net\/en\/wp-json\/wp\/v2\/types\/post"}],"author":[{"embeddable":true,"href":"https:\/\/old-eoc.dev-app.net\/en\/wp-json\/wp\/v2\/users\/21"}],"replies":[{"embeddable":true,"href":"https:\/\/old-eoc.dev-app.net\/en\/wp-json\/wp\/v2\/comments?post=3430"}],"version-history":[{"count":0,"href":"https:\/\/old-eoc.dev-app.net\/en\/wp-json\/wp\/v2\/posts\/3430\/revisions"}],"wp:featuredmedia":[{"embeddable":true,"href":"https:\/\/old-eoc.dev-app.net\/en\/wp-json\/wp\/v2\/media\/3431"}],"wp:attachment":[{"href":"https:\/\/old-eoc.dev-app.net\/en\/wp-json\/wp\/v2\/media?parent=3430"}],"wp:term":[{"taxonomy":"category","embeddable":true,"href":"https:\/\/old-eoc.dev-app.net\/en\/wp-json\/wp\/v2\/categories?post=3430"},{"taxonomy":"post_tag","embeddable":true,"href":"https:\/\/old-eoc.dev-app.net\/en\/wp-json\/wp\/v2\/tags?post=3430"}],"curies":[{"name":"wp","href":"https:\/\/api.w.org\/{rel}","templated":true}]}}