{"id":32343,"date":"2025-03-02T15:18:47","date_gmt":"2025-03-02T14:18:47","guid":{"rendered":"https:\/\/old-eoc.dev-app.net\/?p=32343"},"modified":"2025-03-04T16:01:38","modified_gmt":"2025-03-04T15:01:38","slug":"retour-sur-la-journee-des-adherents","status":"publish","type":"post","link":"https:\/\/old-eoc.dev-app.net\/en\/retour-sur-la-journee-des-adherents\/","title":{"rendered":"Retour sur la journ\u00e9e des adh\u00e9rents"},"content":{"rendered":"<p>Quand les adh\u00e9rentes et adh\u00e9rents de l&#8217;EOC rencontrent la cr\u00e9ation : retour sur la journ\u00e9e du 19 f\u00e9vrier 2025 \u00e0 l&#8217;Op\u00e9ra de Saint-\u00c9tienne.<!--more--><\/p>\n<p>Le temps d\u2019une apr\u00e8s-midi d\u2019exception, les adh\u00e9rents de l\u2019Ensemble Orchestral Contemporain ont plong\u00e9 au c\u0153ur de la cr\u00e9ation musicale contemporaine, vivant une immersion rare aux c\u00f4t\u00e9s des musiciens et du chef Bruno Mantovani. Ce moment de partage s\u2019est prolong\u00e9 par une rencontre pr\u00e9cieuse avec la compositrice Emmanuelle Da Costa et le compositeur Philippe\u00a0Hurel, tous deux en r\u00e9sidence \u00e0 l\u2019EOC pour la cr\u00e9ation de leurs nouvelles \u0153uvres\u00a0: <em>World Lines <\/em>et <em>Soul\u00e8vement(s)<\/em>. Cet \u00e9change a offert aux participants un acc\u00e8s direct \u00e0 la pens\u00e9e cr\u00e9atrice de ces deux figures majeures de la sc\u00e8ne musicale, d\u00e9voilant les enjeux et les inspirations qui nourrissent leurs cr\u00e9ations. Entre immersion dans les coulisses de la cr\u00e9ation, dialogues intimes et passion partag\u00e9e, cette journ\u00e9e a tiss\u00e9 un lien profond entre ses diff\u00e9rents participants, r\u00e9v\u00e9lant les enjeux et les inspirations de la musique contemporaine d\u2019aujourd\u2019hui\u00a0!<\/p>\n","protected":false},"excerpt":{"rendered":"<p>Quand les adh\u00e9rentes et adh\u00e9rents de l&#8217;EOC rencontrent la cr\u00e9ation : retour sur la journ\u00e9e du 19 f\u00e9vrier 2025 \u00e0 l&#8217;Op\u00e9ra de Saint-\u00c9tienne.<\/p>\n","protected":false},"author":21,"featured_media":32344,"comment_status":"closed","ping_status":"open","sticky":false,"template":"","format":"standard","meta":{"_acf_changed":false,"footnotes":""},"categories":[1],"tags":[],"class_list":["post-32343","post","type-post","status-publish","format-standard","has-post-thumbnail","hentry","category-actualite"],"acf":[],"yoast_head":"<!-- This site is optimized with the Yoast SEO plugin v24.8.1 - https:\/\/yoast.com\/wordpress\/plugins\/seo\/ -->\n<title>Retour sur la journ\u00e9e des adh\u00e9rents - Ensemble Orchestral Contemporain<\/title>\n<meta name=\"robots\" content=\"noindex, follow, max-snippet:-1, max-image-preview:large, max-video-preview:-1\" \/>\n<meta property=\"og:locale\" content=\"en_US\" \/>\n<meta property=\"og:type\" content=\"article\" \/>\n<meta property=\"og:title\" content=\"Retour sur la journ\u00e9e des adh\u00e9rents - Ensemble Orchestral Contemporain\" \/>\n<meta property=\"og:description\" content=\"Quand les adh\u00e9rentes et adh\u00e9rents de l&#8217;EOC rencontrent la cr\u00e9ation : retour sur la journ\u00e9e du 19 f\u00e9vrier 2025 \u00e0 l&#8217;Op\u00e9ra de Saint-\u00c9tienne.\" \/>\n<meta property=\"og:url\" content=\"https:\/\/old-eoc.dev-app.net\/retour-sur-la-journee-des-adherents\/\" \/>\n<meta property=\"og:site_name\" content=\"Ensemble Orchestral Contemporain\" \/>\n<meta property=\"article:published_time\" content=\"2025-03-02T14:18:47+00:00\" \/>\n<meta property=\"article:modified_time\" content=\"2025-03-04T15:01:38+00:00\" \/>\n<meta property=\"og:image\" content=\"https:\/\/old-eoc.dev-app.net\/wp-content\/uploads\/2025\/03\/P1280454-scaled.jpg\" \/>\n\t<meta property=\"og:image:width\" content=\"1920\" \/>\n\t<meta property=\"og:image:height\" content=\"1442\" \/>\n\t<meta property=\"og:image:type\" content=\"image\/jpeg\" \/>\n<meta name=\"author\" content=\"Am\u00e9lie Finet\" \/>\n<meta name=\"twitter:card\" content=\"summary_large_image\" \/>\n<meta name=\"twitter:label1\" content=\"Written by\" \/>\n\t<meta name=\"twitter:data1\" content=\"Am\u00e9lie Finet\" \/>\n\t<meta name=\"twitter:label2\" content=\"Est. reading time\" \/>\n\t<meta name=\"twitter:data2\" content=\"2 minutes\" \/>\n<script type=\"application\/ld+json\" class=\"yoast-schema-graph\">{\"@context\":\"https:\/\/schema.org\",\"@graph\":[{\"@type\":\"Article\",\"@id\":\"https:\/\/old-eoc.dev-app.net\/retour-sur-la-journee-des-adherents\/#article\",\"isPartOf\":{\"@id\":\"https:\/\/old-eoc.dev-app.net\/retour-sur-la-journee-des-adherents\/\"},\"author\":{\"name\":\"Am\u00e9lie Finet\",\"@id\":\"https:\/\/old-eoc.dev-app.net\/#\/schema\/person\/22903e18cfb1940ba9e7a40db29c84f8\"},\"headline\":\"Retour sur la journ\u00e9e des adh\u00e9rents\",\"datePublished\":\"2025-03-02T14:18:47+00:00\",\"dateModified\":\"2025-03-04T15:01:38+00:00\",\"mainEntityOfPage\":{\"@id\":\"https:\/\/old-eoc.dev-app.net\/retour-sur-la-journee-des-adherents\/\"},\"wordCount\":202,\"publisher\":{\"@id\":\"https:\/\/old-eoc.dev-app.net\/#organization\"},\"image\":{\"@id\":\"https:\/\/old-eoc.dev-app.net\/retour-sur-la-journee-des-adherents\/#primaryimage\"},\"thumbnailUrl\":\"https:\/\/old-eoc.dev-app.net\/wp-content\/uploads\/2025\/03\/P1280454-scaled.jpg\",\"articleSection\":[\"Actualit\u00e9\"],\"inLanguage\":\"en-US\"},{\"@type\":\"WebPage\",\"@id\":\"https:\/\/old-eoc.dev-app.net\/retour-sur-la-journee-des-adherents\/\",\"url\":\"https:\/\/old-eoc.dev-app.net\/retour-sur-la-journee-des-adherents\/\",\"name\":\"Retour sur la journ\u00e9e des adh\u00e9rents - Ensemble Orchestral Contemporain\",\"isPartOf\":{\"@id\":\"https:\/\/old-eoc.dev-app.net\/#website\"},\"primaryImageOfPage\":{\"@id\":\"https:\/\/old-eoc.dev-app.net\/retour-sur-la-journee-des-adherents\/#primaryimage\"},\"image\":{\"@id\":\"https:\/\/old-eoc.dev-app.net\/retour-sur-la-journee-des-adherents\/#primaryimage\"},\"thumbnailUrl\":\"https:\/\/old-eoc.dev-app.net\/wp-content\/uploads\/2025\/03\/P1280454-scaled.jpg\",\"datePublished\":\"2025-03-02T14:18:47+00:00\",\"dateModified\":\"2025-03-04T15:01:38+00:00\",\"breadcrumb\":{\"@id\":\"https:\/\/old-eoc.dev-app.net\/retour-sur-la-journee-des-adherents\/#breadcrumb\"},\"inLanguage\":\"en-US\",\"potentialAction\":[{\"@type\":\"ReadAction\",\"target\":[\"https:\/\/old-eoc.dev-app.net\/retour-sur-la-journee-des-adherents\/\"]}]},{\"@type\":\"ImageObject\",\"inLanguage\":\"en-US\",\"@id\":\"https:\/\/old-eoc.dev-app.net\/retour-sur-la-journee-des-adherents\/#primaryimage\",\"url\":\"https:\/\/old-eoc.dev-app.net\/wp-content\/uploads\/2025\/03\/P1280454-scaled.jpg\",\"contentUrl\":\"https:\/\/old-eoc.dev-app.net\/wp-content\/uploads\/2025\/03\/P1280454-scaled.jpg\",\"width\":1920,\"height\":1442},{\"@type\":\"BreadcrumbList\",\"@id\":\"https:\/\/old-eoc.dev-app.net\/retour-sur-la-journee-des-adherents\/#breadcrumb\",\"itemListElement\":[{\"@type\":\"ListItem\",\"position\":1,\"name\":\"Accueil\",\"item\":\"https:\/\/old-eoc.dev-app.net\/en\/\"},{\"@type\":\"ListItem\",\"position\":2,\"name\":\"Retour sur la journ\u00e9e des adh\u00e9rents\"}]},{\"@type\":\"WebSite\",\"@id\":\"https:\/\/old-eoc.dev-app.net\/#website\",\"url\":\"https:\/\/old-eoc.dev-app.net\/\",\"name\":\"Ensemble Orchestral Contemporain\",\"description\":\"Direction Daniel Kawka\",\"publisher\":{\"@id\":\"https:\/\/old-eoc.dev-app.net\/#organization\"},\"potentialAction\":[{\"@type\":\"SearchAction\",\"target\":{\"@type\":\"EntryPoint\",\"urlTemplate\":\"https:\/\/old-eoc.dev-app.net\/?s={search_term_string}\"},\"query-input\":{\"@type\":\"PropertyValueSpecification\",\"valueRequired\":true,\"valueName\":\"search_term_string\"}}],\"inLanguage\":\"en-US\"},{\"@type\":\"Organization\",\"@id\":\"https:\/\/old-eoc.dev-app.net\/#organization\",\"name\":\"Ensemble Orchestral Contemporain\",\"url\":\"https:\/\/old-eoc.dev-app.net\/\",\"logo\":{\"@type\":\"ImageObject\",\"inLanguage\":\"en-US\",\"@id\":\"https:\/\/old-eoc.dev-app.net\/#\/schema\/logo\/image\/\",\"url\":\"https:\/\/old-eoc.dev-app.net\/wp-content\/uploads\/2024\/02\/cropped-admin-ajax2.jpg\",\"contentUrl\":\"https:\/\/old-eoc.dev-app.net\/wp-content\/uploads\/2024\/02\/cropped-admin-ajax2.jpg\",\"width\":148,\"height\":79,\"caption\":\"Ensemble Orchestral Contemporain\"},\"image\":{\"@id\":\"https:\/\/old-eoc.dev-app.net\/#\/schema\/logo\/image\/\"},\"sameAs\":[\"https:\/\/www.youtube.com\/user\/EnsembleEOC\"]},{\"@type\":\"Person\",\"@id\":\"https:\/\/old-eoc.dev-app.net\/#\/schema\/person\/22903e18cfb1940ba9e7a40db29c84f8\",\"name\":\"Am\u00e9lie Finet\",\"image\":{\"@type\":\"ImageObject\",\"inLanguage\":\"en-US\",\"@id\":\"https:\/\/old-eoc.dev-app.net\/#\/schema\/person\/image\/\",\"url\":\"https:\/\/secure.gravatar.com\/avatar\/2e0bfbdf5d8965d17c4d51755bcfc940?s=96&d=mm&r=g\",\"contentUrl\":\"https:\/\/secure.gravatar.com\/avatar\/2e0bfbdf5d8965d17c4d51755bcfc940?s=96&d=mm&r=g\",\"caption\":\"Am\u00e9lie Finet\"},\"url\":\"https:\/\/old-eoc.dev-app.net\/en\/author\/mhermant\/\"}]}<\/script>\n<!-- \/ Yoast SEO plugin. -->","yoast_head_json":{"title":"Retour sur la journ\u00e9e des adh\u00e9rents - Ensemble Orchestral Contemporain","robots":{"index":"noindex","follow":"follow","max-snippet":"max-snippet:-1","max-image-preview":"max-image-preview:large","max-video-preview":"max-video-preview:-1"},"og_locale":"en_US","og_type":"article","og_title":"Retour sur la journ\u00e9e des adh\u00e9rents - Ensemble Orchestral Contemporain","og_description":"Quand les adh\u00e9rentes et adh\u00e9rents de l&#8217;EOC rencontrent la cr\u00e9ation : retour sur la journ\u00e9e du 19 f\u00e9vrier 2025 \u00e0 l&#8217;Op\u00e9ra de Saint-\u00c9tienne.","og_url":"https:\/\/old-eoc.dev-app.net\/retour-sur-la-journee-des-adherents\/","og_site_name":"Ensemble Orchestral Contemporain","article_published_time":"2025-03-02T14:18:47+00:00","article_modified_time":"2025-03-04T15:01:38+00:00","og_image":[{"width":1920,"height":1442,"url":"https:\/\/old-eoc.dev-app.net\/wp-content\/uploads\/2025\/03\/P1280454-scaled.jpg","type":"image\/jpeg"}],"author":"Am\u00e9lie Finet","twitter_card":"summary_large_image","twitter_misc":{"Written by":"Am\u00e9lie Finet","Est. reading time":"2 minutes"},"schema":{"@context":"https:\/\/schema.org","@graph":[{"@type":"Article","@id":"https:\/\/old-eoc.dev-app.net\/retour-sur-la-journee-des-adherents\/#article","isPartOf":{"@id":"https:\/\/old-eoc.dev-app.net\/retour-sur-la-journee-des-adherents\/"},"author":{"name":"Am\u00e9lie Finet","@id":"https:\/\/old-eoc.dev-app.net\/#\/schema\/person\/22903e18cfb1940ba9e7a40db29c84f8"},"headline":"Retour sur la journ\u00e9e des adh\u00e9rents","datePublished":"2025-03-02T14:18:47+00:00","dateModified":"2025-03-04T15:01:38+00:00","mainEntityOfPage":{"@id":"https:\/\/old-eoc.dev-app.net\/retour-sur-la-journee-des-adherents\/"},"wordCount":202,"publisher":{"@id":"https:\/\/old-eoc.dev-app.net\/#organization"},"image":{"@id":"https:\/\/old-eoc.dev-app.net\/retour-sur-la-journee-des-adherents\/#primaryimage"},"thumbnailUrl":"https:\/\/old-eoc.dev-app.net\/wp-content\/uploads\/2025\/03\/P1280454-scaled.jpg","articleSection":["Actualit\u00e9"],"inLanguage":"en-US"},{"@type":"WebPage","@id":"https:\/\/old-eoc.dev-app.net\/retour-sur-la-journee-des-adherents\/","url":"https:\/\/old-eoc.dev-app.net\/retour-sur-la-journee-des-adherents\/","name":"Retour sur la journ\u00e9e des adh\u00e9rents - Ensemble Orchestral Contemporain","isPartOf":{"@id":"https:\/\/old-eoc.dev-app.net\/#website"},"primaryImageOfPage":{"@id":"https:\/\/old-eoc.dev-app.net\/retour-sur-la-journee-des-adherents\/#primaryimage"},"image":{"@id":"https:\/\/old-eoc.dev-app.net\/retour-sur-la-journee-des-adherents\/#primaryimage"},"thumbnailUrl":"https:\/\/old-eoc.dev-app.net\/wp-content\/uploads\/2025\/03\/P1280454-scaled.jpg","datePublished":"2025-03-02T14:18:47+00:00","dateModified":"2025-03-04T15:01:38+00:00","breadcrumb":{"@id":"https:\/\/old-eoc.dev-app.net\/retour-sur-la-journee-des-adherents\/#breadcrumb"},"inLanguage":"en-US","potentialAction":[{"@type":"ReadAction","target":["https:\/\/old-eoc.dev-app.net\/retour-sur-la-journee-des-adherents\/"]}]},{"@type":"ImageObject","inLanguage":"en-US","@id":"https:\/\/old-eoc.dev-app.net\/retour-sur-la-journee-des-adherents\/#primaryimage","url":"https:\/\/old-eoc.dev-app.net\/wp-content\/uploads\/2025\/03\/P1280454-scaled.jpg","contentUrl":"https:\/\/old-eoc.dev-app.net\/wp-content\/uploads\/2025\/03\/P1280454-scaled.jpg","width":1920,"height":1442},{"@type":"BreadcrumbList","@id":"https:\/\/old-eoc.dev-app.net\/retour-sur-la-journee-des-adherents\/#breadcrumb","itemListElement":[{"@type":"ListItem","position":1,"name":"Accueil","item":"https:\/\/old-eoc.dev-app.net\/en\/"},{"@type":"ListItem","position":2,"name":"Retour sur la journ\u00e9e des adh\u00e9rents"}]},{"@type":"WebSite","@id":"https:\/\/old-eoc.dev-app.net\/#website","url":"https:\/\/old-eoc.dev-app.net\/","name":"Ensemble Orchestral Contemporain","description":"Direction Daniel Kawka","publisher":{"@id":"https:\/\/old-eoc.dev-app.net\/#organization"},"potentialAction":[{"@type":"SearchAction","target":{"@type":"EntryPoint","urlTemplate":"https:\/\/old-eoc.dev-app.net\/?s={search_term_string}"},"query-input":{"@type":"PropertyValueSpecification","valueRequired":true,"valueName":"search_term_string"}}],"inLanguage":"en-US"},{"@type":"Organization","@id":"https:\/\/old-eoc.dev-app.net\/#organization","name":"Ensemble Orchestral Contemporain","url":"https:\/\/old-eoc.dev-app.net\/","logo":{"@type":"ImageObject","inLanguage":"en-US","@id":"https:\/\/old-eoc.dev-app.net\/#\/schema\/logo\/image\/","url":"https:\/\/old-eoc.dev-app.net\/wp-content\/uploads\/2024\/02\/cropped-admin-ajax2.jpg","contentUrl":"https:\/\/old-eoc.dev-app.net\/wp-content\/uploads\/2024\/02\/cropped-admin-ajax2.jpg","width":148,"height":79,"caption":"Ensemble Orchestral Contemporain"},"image":{"@id":"https:\/\/old-eoc.dev-app.net\/#\/schema\/logo\/image\/"},"sameAs":["https:\/\/www.youtube.com\/user\/EnsembleEOC"]},{"@type":"Person","@id":"https:\/\/old-eoc.dev-app.net\/#\/schema\/person\/22903e18cfb1940ba9e7a40db29c84f8","name":"Am\u00e9lie Finet","image":{"@type":"ImageObject","inLanguage":"en-US","@id":"https:\/\/old-eoc.dev-app.net\/#\/schema\/person\/image\/","url":"https:\/\/secure.gravatar.com\/avatar\/2e0bfbdf5d8965d17c4d51755bcfc940?s=96&d=mm&r=g","contentUrl":"https:\/\/secure.gravatar.com\/avatar\/2e0bfbdf5d8965d17c4d51755bcfc940?s=96&d=mm&r=g","caption":"Am\u00e9lie Finet"},"url":"https:\/\/old-eoc.dev-app.net\/en\/author\/mhermant\/"}]}},"_links":{"self":[{"href":"https:\/\/old-eoc.dev-app.net\/en\/wp-json\/wp\/v2\/posts\/32343","targetHints":{"allow":["GET"]}}],"collection":[{"href":"https:\/\/old-eoc.dev-app.net\/en\/wp-json\/wp\/v2\/posts"}],"about":[{"href":"https:\/\/old-eoc.dev-app.net\/en\/wp-json\/wp\/v2\/types\/post"}],"author":[{"embeddable":true,"href":"https:\/\/old-eoc.dev-app.net\/en\/wp-json\/wp\/v2\/users\/21"}],"replies":[{"embeddable":true,"href":"https:\/\/old-eoc.dev-app.net\/en\/wp-json\/wp\/v2\/comments?post=32343"}],"version-history":[{"count":0,"href":"https:\/\/old-eoc.dev-app.net\/en\/wp-json\/wp\/v2\/posts\/32343\/revisions"}],"wp:featuredmedia":[{"embeddable":true,"href":"https:\/\/old-eoc.dev-app.net\/en\/wp-json\/wp\/v2\/media\/32344"}],"wp:attachment":[{"href":"https:\/\/old-eoc.dev-app.net\/en\/wp-json\/wp\/v2\/media?parent=32343"}],"wp:term":[{"taxonomy":"category","embeddable":true,"href":"https:\/\/old-eoc.dev-app.net\/en\/wp-json\/wp\/v2\/categories?post=32343"},{"taxonomy":"post_tag","embeddable":true,"href":"https:\/\/old-eoc.dev-app.net\/en\/wp-json\/wp\/v2\/tags?post=32343"}],"curies":[{"name":"wp","href":"https:\/\/api.w.org\/{rel}","templated":true}]}}