{"id":32340,"date":"2025-03-03T15:14:30","date_gmt":"2025-03-03T14:14:30","guid":{"rendered":"https:\/\/old-eoc.dev-app.net\/?p=32340"},"modified":"2025-03-03T15:15:28","modified_gmt":"2025-03-03T14:15:28","slug":"la-fabrique-eoc-fait-son-academie-dete","status":"publish","type":"post","link":"https:\/\/old-eoc.dev-app.net\/en\/la-fabrique-eoc-fait-son-academie-dete\/","title":{"rendered":"La fabrique EOC fait son Acad\u00e9mie d&#8217;\u00e9t\u00e9"},"content":{"rendered":"<p>L&#8217;Acad\u00e9mie musicale d&#8217;\u00e9t\u00e9, c&#8217;est une semaine pour participer \u00e0 une cr\u00e9ation musicale avec des artistes de l\u2019EOC et monter sur sc\u00e8ne !<!--more--><\/p>\n<p>L\u2019Acad\u00e9mie durera 5 jours, du lundi 7 au vendredi 11 juillet, de 9h \u00e0 17h. Elle se tiendra dans 2 lieux exceptionnels de Saint-\u00c9tienne : l\u2019Op\u00e9ra et la Cit\u00e9 du Design ! Tous les jours, plusieurs ateliers seront propos\u00e9s aux stagiaires :<\/p>\n<ul>\n<li>Interaction image et son<\/li>\n<li>Improvisation musicale<\/li>\n<li>\u00c9criture Musicale Contemporaine (avec et sans \u00e9lectronique)<\/li>\n<li>Fabrication d\u2019instruments ou d\u00e9tournements d\u2019objets<\/li>\n<li>Exploration instrumentale des gestes et des modes de jeux contemporains<\/li>\n<li>Sound Painting<\/li>\n<li>Utilisation de la voix<\/li>\n<\/ul>\n<p>Tous les apr\u00e8s-midi, des moments de partages avec les artistes et une mise en commun des ateliers dans le cadre d&#8217;une r\u00e9p\u00e9tition collective pour pr\u00e9parer le spectacle final.<\/p>\n<h4>D\u00e9roul\u00e9 des journ\u00e9es :<\/h4>\n<ul>\n<li>9h-13h : Ateliers de pratique et de d\u00e9couverte<\/li>\n<li>13h-14h30 : Repas<\/li>\n<li>14h30-16h30 : Pratique collective et pr\u00e9paration du concert de cr\u00e9ation<\/li>\n<li>16h30-17h : Go\u00fbter<\/li>\n<\/ul>\n<h4>Les artistes intervenants<\/h4>\n<ul>\n<li>Fabrice J\u00fcnger, fl\u00fbte et composition<\/li>\n<li>Fran\u00e7ois Sal\u00e8s, hautbois et EWI (electronic wind instrument)<\/li>\n<li>Laurent Apruzzese, basson<\/li>\n<li>Eric Varion, chef d\u2019orchestre<\/li>\n<\/ul>\n<p><iframe id=\"haWidget\" allowtransparency=\"true\" scrolling=\"auto\" src=\"https:\/\/www.helloasso.com\/associations\/ensemble-orchestral-contemporain\/evenements\/academie-musicale-d-ete\/widget\" style=\"width: 100%; height: 750px; border: none;\"><\/iframe><\/p>\n","protected":false},"excerpt":{"rendered":"<p>L&#8217;Acad\u00e9mie musicale d&#8217;\u00e9t\u00e9, c&#8217;est une semaine pour participer \u00e0 une cr\u00e9ation musicale avec des artistes de l\u2019EOC et monter sur sc\u00e8ne !<\/p>\n","protected":false},"author":21,"featured_media":32311,"comment_status":"closed","ping_status":"open","sticky":false,"template":"","format":"standard","meta":{"_acf_changed":false,"footnotes":""},"categories":[1],"tags":[],"class_list":["post-32340","post","type-post","status-publish","format-standard","has-post-thumbnail","hentry","category-actualite"],"acf":[],"yoast_head":"<!-- This site is optimized with the Yoast SEO plugin v24.8.1 - https:\/\/yoast.com\/wordpress\/plugins\/seo\/ -->\n<title>La fabrique EOC fait son Acad\u00e9mie d&#039;\u00e9t\u00e9 - Ensemble Orchestral Contemporain<\/title>\n<meta name=\"robots\" content=\"noindex, follow, max-snippet:-1, max-image-preview:large, max-video-preview:-1\" \/>\n<meta property=\"og:locale\" content=\"en_US\" \/>\n<meta property=\"og:type\" content=\"article\" \/>\n<meta property=\"og:title\" content=\"La fabrique EOC fait son Acad\u00e9mie d&#039;\u00e9t\u00e9 - Ensemble Orchestral Contemporain\" \/>\n<meta property=\"og:description\" content=\"L&#8217;Acad\u00e9mie musicale d&#8217;\u00e9t\u00e9, c&#8217;est une semaine pour participer \u00e0 une cr\u00e9ation musicale avec des artistes de l\u2019EOC et monter sur sc\u00e8ne !\" \/>\n<meta property=\"og:url\" content=\"https:\/\/old-eoc.dev-app.net\/la-fabrique-eoc-fait-son-academie-dete\/\" \/>\n<meta property=\"og:site_name\" content=\"Ensemble Orchestral Contemporain\" \/>\n<meta property=\"article:published_time\" content=\"2025-03-03T14:14:30+00:00\" \/>\n<meta property=\"article:modified_time\" content=\"2025-03-03T14:15:28+00:00\" \/>\n<meta property=\"og:image\" content=\"https:\/\/old-eoc.dev-app.net\/wp-content\/uploads\/2025\/01\/Design-sans-titre.png\" \/>\n\t<meta property=\"og:image:width\" content=\"612\" \/>\n\t<meta property=\"og:image:height\" content=\"598\" \/>\n\t<meta property=\"og:image:type\" content=\"image\/png\" \/>\n<meta name=\"author\" content=\"Am\u00e9lie Finet\" \/>\n<meta name=\"twitter:card\" content=\"summary_large_image\" \/>\n<meta name=\"twitter:label1\" content=\"Written by\" \/>\n\t<meta name=\"twitter:data1\" content=\"Am\u00e9lie Finet\" \/>\n\t<meta name=\"twitter:label2\" content=\"Est. reading time\" \/>\n\t<meta name=\"twitter:data2\" content=\"2 minutes\" \/>\n<script type=\"application\/ld+json\" class=\"yoast-schema-graph\">{\"@context\":\"https:\/\/schema.org\",\"@graph\":[{\"@type\":\"Article\",\"@id\":\"https:\/\/old-eoc.dev-app.net\/la-fabrique-eoc-fait-son-academie-dete\/#article\",\"isPartOf\":{\"@id\":\"https:\/\/old-eoc.dev-app.net\/la-fabrique-eoc-fait-son-academie-dete\/\"},\"author\":{\"name\":\"Am\u00e9lie Finet\",\"@id\":\"https:\/\/old-eoc.dev-app.net\/#\/schema\/person\/22903e18cfb1940ba9e7a40db29c84f8\"},\"headline\":\"La fabrique EOC fait son Acad\u00e9mie d&#8217;\u00e9t\u00e9\",\"datePublished\":\"2025-03-03T14:14:30+00:00\",\"dateModified\":\"2025-03-03T14:15:28+00:00\",\"mainEntityOfPage\":{\"@id\":\"https:\/\/old-eoc.dev-app.net\/la-fabrique-eoc-fait-son-academie-dete\/\"},\"wordCount\":209,\"publisher\":{\"@id\":\"https:\/\/old-eoc.dev-app.net\/#organization\"},\"image\":{\"@id\":\"https:\/\/old-eoc.dev-app.net\/la-fabrique-eoc-fait-son-academie-dete\/#primaryimage\"},\"thumbnailUrl\":\"https:\/\/old-eoc.dev-app.net\/wp-content\/uploads\/2025\/01\/Design-sans-titre.png\",\"articleSection\":[\"Actualit\u00e9\"],\"inLanguage\":\"en-US\"},{\"@type\":\"WebPage\",\"@id\":\"https:\/\/old-eoc.dev-app.net\/la-fabrique-eoc-fait-son-academie-dete\/\",\"url\":\"https:\/\/old-eoc.dev-app.net\/la-fabrique-eoc-fait-son-academie-dete\/\",\"name\":\"La fabrique EOC fait son Acad\u00e9mie d'\u00e9t\u00e9 - Ensemble Orchestral Contemporain\",\"isPartOf\":{\"@id\":\"https:\/\/old-eoc.dev-app.net\/#website\"},\"primaryImageOfPage\":{\"@id\":\"https:\/\/old-eoc.dev-app.net\/la-fabrique-eoc-fait-son-academie-dete\/#primaryimage\"},\"image\":{\"@id\":\"https:\/\/old-eoc.dev-app.net\/la-fabrique-eoc-fait-son-academie-dete\/#primaryimage\"},\"thumbnailUrl\":\"https:\/\/old-eoc.dev-app.net\/wp-content\/uploads\/2025\/01\/Design-sans-titre.png\",\"datePublished\":\"2025-03-03T14:14:30+00:00\",\"dateModified\":\"2025-03-03T14:15:28+00:00\",\"breadcrumb\":{\"@id\":\"https:\/\/old-eoc.dev-app.net\/la-fabrique-eoc-fait-son-academie-dete\/#breadcrumb\"},\"inLanguage\":\"en-US\",\"potentialAction\":[{\"@type\":\"ReadAction\",\"target\":[\"https:\/\/old-eoc.dev-app.net\/la-fabrique-eoc-fait-son-academie-dete\/\"]}]},{\"@type\":\"ImageObject\",\"inLanguage\":\"en-US\",\"@id\":\"https:\/\/old-eoc.dev-app.net\/la-fabrique-eoc-fait-son-academie-dete\/#primaryimage\",\"url\":\"https:\/\/old-eoc.dev-app.net\/wp-content\/uploads\/2025\/01\/Design-sans-titre.png\",\"contentUrl\":\"https:\/\/old-eoc.dev-app.net\/wp-content\/uploads\/2025\/01\/Design-sans-titre.png\",\"width\":612,\"height\":598},{\"@type\":\"BreadcrumbList\",\"@id\":\"https:\/\/old-eoc.dev-app.net\/la-fabrique-eoc-fait-son-academie-dete\/#breadcrumb\",\"itemListElement\":[{\"@type\":\"ListItem\",\"position\":1,\"name\":\"Accueil\",\"item\":\"https:\/\/old-eoc.dev-app.net\/en\/\"},{\"@type\":\"ListItem\",\"position\":2,\"name\":\"La fabrique EOC fait son Acad\u00e9mie d&#8217;\u00e9t\u00e9\"}]},{\"@type\":\"WebSite\",\"@id\":\"https:\/\/old-eoc.dev-app.net\/#website\",\"url\":\"https:\/\/old-eoc.dev-app.net\/\",\"name\":\"Ensemble Orchestral Contemporain\",\"description\":\"Direction Daniel Kawka\",\"publisher\":{\"@id\":\"https:\/\/old-eoc.dev-app.net\/#organization\"},\"potentialAction\":[{\"@type\":\"SearchAction\",\"target\":{\"@type\":\"EntryPoint\",\"urlTemplate\":\"https:\/\/old-eoc.dev-app.net\/?s={search_term_string}\"},\"query-input\":{\"@type\":\"PropertyValueSpecification\",\"valueRequired\":true,\"valueName\":\"search_term_string\"}}],\"inLanguage\":\"en-US\"},{\"@type\":\"Organization\",\"@id\":\"https:\/\/old-eoc.dev-app.net\/#organization\",\"name\":\"Ensemble Orchestral Contemporain\",\"url\":\"https:\/\/old-eoc.dev-app.net\/\",\"logo\":{\"@type\":\"ImageObject\",\"inLanguage\":\"en-US\",\"@id\":\"https:\/\/old-eoc.dev-app.net\/#\/schema\/logo\/image\/\",\"url\":\"https:\/\/old-eoc.dev-app.net\/wp-content\/uploads\/2024\/02\/cropped-admin-ajax2.jpg\",\"contentUrl\":\"https:\/\/old-eoc.dev-app.net\/wp-content\/uploads\/2024\/02\/cropped-admin-ajax2.jpg\",\"width\":148,\"height\":79,\"caption\":\"Ensemble Orchestral Contemporain\"},\"image\":{\"@id\":\"https:\/\/old-eoc.dev-app.net\/#\/schema\/logo\/image\/\"},\"sameAs\":[\"https:\/\/www.youtube.com\/user\/EnsembleEOC\"]},{\"@type\":\"Person\",\"@id\":\"https:\/\/old-eoc.dev-app.net\/#\/schema\/person\/22903e18cfb1940ba9e7a40db29c84f8\",\"name\":\"Am\u00e9lie Finet\",\"image\":{\"@type\":\"ImageObject\",\"inLanguage\":\"en-US\",\"@id\":\"https:\/\/old-eoc.dev-app.net\/#\/schema\/person\/image\/\",\"url\":\"https:\/\/secure.gravatar.com\/avatar\/2e0bfbdf5d8965d17c4d51755bcfc940?s=96&d=mm&r=g\",\"contentUrl\":\"https:\/\/secure.gravatar.com\/avatar\/2e0bfbdf5d8965d17c4d51755bcfc940?s=96&d=mm&r=g\",\"caption\":\"Am\u00e9lie Finet\"},\"url\":\"https:\/\/old-eoc.dev-app.net\/en\/author\/mhermant\/\"}]}<\/script>\n<!-- \/ Yoast SEO plugin. -->","yoast_head_json":{"title":"La fabrique EOC fait son Acad\u00e9mie d'\u00e9t\u00e9 - Ensemble Orchestral Contemporain","robots":{"index":"noindex","follow":"follow","max-snippet":"max-snippet:-1","max-image-preview":"max-image-preview:large","max-video-preview":"max-video-preview:-1"},"og_locale":"en_US","og_type":"article","og_title":"La fabrique EOC fait son Acad\u00e9mie d'\u00e9t\u00e9 - Ensemble Orchestral Contemporain","og_description":"L&#8217;Acad\u00e9mie musicale d&#8217;\u00e9t\u00e9, c&#8217;est une semaine pour participer \u00e0 une cr\u00e9ation musicale avec des artistes de l\u2019EOC et monter sur sc\u00e8ne !","og_url":"https:\/\/old-eoc.dev-app.net\/la-fabrique-eoc-fait-son-academie-dete\/","og_site_name":"Ensemble Orchestral Contemporain","article_published_time":"2025-03-03T14:14:30+00:00","article_modified_time":"2025-03-03T14:15:28+00:00","og_image":[{"width":612,"height":598,"url":"https:\/\/old-eoc.dev-app.net\/wp-content\/uploads\/2025\/01\/Design-sans-titre.png","type":"image\/png"}],"author":"Am\u00e9lie Finet","twitter_card":"summary_large_image","twitter_misc":{"Written by":"Am\u00e9lie Finet","Est. reading time":"2 minutes"},"schema":{"@context":"https:\/\/schema.org","@graph":[{"@type":"Article","@id":"https:\/\/old-eoc.dev-app.net\/la-fabrique-eoc-fait-son-academie-dete\/#article","isPartOf":{"@id":"https:\/\/old-eoc.dev-app.net\/la-fabrique-eoc-fait-son-academie-dete\/"},"author":{"name":"Am\u00e9lie Finet","@id":"https:\/\/old-eoc.dev-app.net\/#\/schema\/person\/22903e18cfb1940ba9e7a40db29c84f8"},"headline":"La fabrique EOC fait son Acad\u00e9mie d&#8217;\u00e9t\u00e9","datePublished":"2025-03-03T14:14:30+00:00","dateModified":"2025-03-03T14:15:28+00:00","mainEntityOfPage":{"@id":"https:\/\/old-eoc.dev-app.net\/la-fabrique-eoc-fait-son-academie-dete\/"},"wordCount":209,"publisher":{"@id":"https:\/\/old-eoc.dev-app.net\/#organization"},"image":{"@id":"https:\/\/old-eoc.dev-app.net\/la-fabrique-eoc-fait-son-academie-dete\/#primaryimage"},"thumbnailUrl":"https:\/\/old-eoc.dev-app.net\/wp-content\/uploads\/2025\/01\/Design-sans-titre.png","articleSection":["Actualit\u00e9"],"inLanguage":"en-US"},{"@type":"WebPage","@id":"https:\/\/old-eoc.dev-app.net\/la-fabrique-eoc-fait-son-academie-dete\/","url":"https:\/\/old-eoc.dev-app.net\/la-fabrique-eoc-fait-son-academie-dete\/","name":"La fabrique EOC fait son Acad\u00e9mie d'\u00e9t\u00e9 - Ensemble Orchestral Contemporain","isPartOf":{"@id":"https:\/\/old-eoc.dev-app.net\/#website"},"primaryImageOfPage":{"@id":"https:\/\/old-eoc.dev-app.net\/la-fabrique-eoc-fait-son-academie-dete\/#primaryimage"},"image":{"@id":"https:\/\/old-eoc.dev-app.net\/la-fabrique-eoc-fait-son-academie-dete\/#primaryimage"},"thumbnailUrl":"https:\/\/old-eoc.dev-app.net\/wp-content\/uploads\/2025\/01\/Design-sans-titre.png","datePublished":"2025-03-03T14:14:30+00:00","dateModified":"2025-03-03T14:15:28+00:00","breadcrumb":{"@id":"https:\/\/old-eoc.dev-app.net\/la-fabrique-eoc-fait-son-academie-dete\/#breadcrumb"},"inLanguage":"en-US","potentialAction":[{"@type":"ReadAction","target":["https:\/\/old-eoc.dev-app.net\/la-fabrique-eoc-fait-son-academie-dete\/"]}]},{"@type":"ImageObject","inLanguage":"en-US","@id":"https:\/\/old-eoc.dev-app.net\/la-fabrique-eoc-fait-son-academie-dete\/#primaryimage","url":"https:\/\/old-eoc.dev-app.net\/wp-content\/uploads\/2025\/01\/Design-sans-titre.png","contentUrl":"https:\/\/old-eoc.dev-app.net\/wp-content\/uploads\/2025\/01\/Design-sans-titre.png","width":612,"height":598},{"@type":"BreadcrumbList","@id":"https:\/\/old-eoc.dev-app.net\/la-fabrique-eoc-fait-son-academie-dete\/#breadcrumb","itemListElement":[{"@type":"ListItem","position":1,"name":"Accueil","item":"https:\/\/old-eoc.dev-app.net\/en\/"},{"@type":"ListItem","position":2,"name":"La fabrique EOC fait son Acad\u00e9mie d&#8217;\u00e9t\u00e9"}]},{"@type":"WebSite","@id":"https:\/\/old-eoc.dev-app.net\/#website","url":"https:\/\/old-eoc.dev-app.net\/","name":"Ensemble Orchestral Contemporain","description":"Direction Daniel Kawka","publisher":{"@id":"https:\/\/old-eoc.dev-app.net\/#organization"},"potentialAction":[{"@type":"SearchAction","target":{"@type":"EntryPoint","urlTemplate":"https:\/\/old-eoc.dev-app.net\/?s={search_term_string}"},"query-input":{"@type":"PropertyValueSpecification","valueRequired":true,"valueName":"search_term_string"}}],"inLanguage":"en-US"},{"@type":"Organization","@id":"https:\/\/old-eoc.dev-app.net\/#organization","name":"Ensemble Orchestral Contemporain","url":"https:\/\/old-eoc.dev-app.net\/","logo":{"@type":"ImageObject","inLanguage":"en-US","@id":"https:\/\/old-eoc.dev-app.net\/#\/schema\/logo\/image\/","url":"https:\/\/old-eoc.dev-app.net\/wp-content\/uploads\/2024\/02\/cropped-admin-ajax2.jpg","contentUrl":"https:\/\/old-eoc.dev-app.net\/wp-content\/uploads\/2024\/02\/cropped-admin-ajax2.jpg","width":148,"height":79,"caption":"Ensemble Orchestral Contemporain"},"image":{"@id":"https:\/\/old-eoc.dev-app.net\/#\/schema\/logo\/image\/"},"sameAs":["https:\/\/www.youtube.com\/user\/EnsembleEOC"]},{"@type":"Person","@id":"https:\/\/old-eoc.dev-app.net\/#\/schema\/person\/22903e18cfb1940ba9e7a40db29c84f8","name":"Am\u00e9lie Finet","image":{"@type":"ImageObject","inLanguage":"en-US","@id":"https:\/\/old-eoc.dev-app.net\/#\/schema\/person\/image\/","url":"https:\/\/secure.gravatar.com\/avatar\/2e0bfbdf5d8965d17c4d51755bcfc940?s=96&d=mm&r=g","contentUrl":"https:\/\/secure.gravatar.com\/avatar\/2e0bfbdf5d8965d17c4d51755bcfc940?s=96&d=mm&r=g","caption":"Am\u00e9lie Finet"},"url":"https:\/\/old-eoc.dev-app.net\/en\/author\/mhermant\/"}]}},"_links":{"self":[{"href":"https:\/\/old-eoc.dev-app.net\/en\/wp-json\/wp\/v2\/posts\/32340","targetHints":{"allow":["GET"]}}],"collection":[{"href":"https:\/\/old-eoc.dev-app.net\/en\/wp-json\/wp\/v2\/posts"}],"about":[{"href":"https:\/\/old-eoc.dev-app.net\/en\/wp-json\/wp\/v2\/types\/post"}],"author":[{"embeddable":true,"href":"https:\/\/old-eoc.dev-app.net\/en\/wp-json\/wp\/v2\/users\/21"}],"replies":[{"embeddable":true,"href":"https:\/\/old-eoc.dev-app.net\/en\/wp-json\/wp\/v2\/comments?post=32340"}],"version-history":[{"count":0,"href":"https:\/\/old-eoc.dev-app.net\/en\/wp-json\/wp\/v2\/posts\/32340\/revisions"}],"wp:featuredmedia":[{"embeddable":true,"href":"https:\/\/old-eoc.dev-app.net\/en\/wp-json\/wp\/v2\/media\/32311"}],"wp:attachment":[{"href":"https:\/\/old-eoc.dev-app.net\/en\/wp-json\/wp\/v2\/media?parent=32340"}],"wp:term":[{"taxonomy":"category","embeddable":true,"href":"https:\/\/old-eoc.dev-app.net\/en\/wp-json\/wp\/v2\/categories?post=32340"},{"taxonomy":"post_tag","embeddable":true,"href":"https:\/\/old-eoc.dev-app.net\/en\/wp-json\/wp\/v2\/tags?post=32340"}],"curies":[{"name":"wp","href":"https:\/\/api.w.org\/{rel}","templated":true}]}}