{"id":32013,"date":"2024-09-10T10:18:48","date_gmt":"2024-09-10T08:18:48","guid":{"rendered":"https:\/\/old-eoc.dev-app.net\/retour-en-images-sur-le-concert-a-fes-2\/"},"modified":"2024-12-04T12:11:53","modified_gmt":"2024-12-04T11:11:53","slug":"retour-en-images-sur-le-concert-a-fes-2","status":"publish","type":"post","link":"https:\/\/old-eoc.dev-app.net\/en\/retour-en-images-sur-le-concert-a-fes-2\/","title":{"rendered":"Un \u00e9t\u00e9 avec l&#8217;EOC"},"content":{"rendered":"<p class=\"rtejustify\">De la R\u00e9gion Auvergne-Rh\u00f4ne-Alpes \u00e0 la C\u00f4te d&#8217;Azur, retour en images sur notre s\u00e9rie estivale de concerts.<!--more--><\/p>\n<p class=\"rtejustify\">Les artistes de l&#8217;Ensemble Orchestral Contemporain vous ont donn\u00e9 rendez-vous tout au long de l&#8217;\u00e9t\u00e9 2024. Du Jardin des Plantes \u00e0 Saint-\u00c9tienne, \u00e0 la Villa Ephrussi de Saint-Jean-Cap-Ferrat, dans 11 \u00e9tablissements de soins et de sant\u00e9, \u00e0 travers 6 d\u00e9partements et avec plus de 1600 personnes pr\u00e9sentes, cet \u00e9t\u00e9 f\u00fbt riche en musique et en rencontres. Revivez ces temps forts en images.<\/p>\n<p>Un \u00e9t\u00e9 avec l&#8217;EOC, projet soutenu par le Minist\u00e8re de la Culture, dans le cadre du dispositif \u00c9t\u00e9 culturel 2024<\/p>\n<div><\/div>\n<p>cr\u00e9dits photo : studio Loic Bisoli, EOC, Canticum Novum<\/p>\n<a href=\"https:\/\/old-eoc.dev-app.net\/wp-content\/uploads\/2024\/09\/ete-culturel-png-A4.pdf\" class=\"pdfemb-viewer\" style=\"\" data-width=\"max\" data-height=\"max\" data-toolbar=\"bottom\" data-toolbar-fixed=\"off\">ete-culturel-png-A4<\/a>\n","protected":false},"excerpt":{"rendered":"<p>De la R\u00e9gion Auvergne-Rh\u00f4ne-Alpes \u00e0 la C\u00f4te d&#8217;Azur, retour en images sur notre s\u00e9rie estivale de concerts.<\/p>\n","protected":false},"author":21,"featured_media":32031,"comment_status":"closed","ping_status":"open","sticky":false,"template":"","format":"standard","meta":{"_acf_changed":false,"footnotes":""},"categories":[1],"tags":[],"class_list":["post-32013","post","type-post","status-publish","format-standard","has-post-thumbnail","hentry","category-actualite"],"acf":[],"yoast_head":"<!-- This site is optimized with the Yoast SEO plugin v24.8.1 - https:\/\/yoast.com\/wordpress\/plugins\/seo\/ -->\n<title>Un \u00e9t\u00e9 avec l&#039;EOC - Ensemble Orchestral Contemporain<\/title>\n<meta name=\"robots\" content=\"noindex, follow, max-snippet:-1, max-image-preview:large, max-video-preview:-1\" \/>\n<meta property=\"og:locale\" content=\"en_US\" \/>\n<meta property=\"og:type\" content=\"article\" \/>\n<meta property=\"og:title\" content=\"Un \u00e9t\u00e9 avec l&#039;EOC - Ensemble Orchestral Contemporain\" \/>\n<meta property=\"og:description\" content=\"De la R\u00e9gion Auvergne-Rh\u00f4ne-Alpes \u00e0 la C\u00f4te d&#8217;Azur, retour en images sur notre s\u00e9rie estivale de concerts.\" \/>\n<meta property=\"og:url\" content=\"https:\/\/old-eoc.dev-app.net\/retour-en-images-sur-le-concert-a-fes-2\/\" \/>\n<meta property=\"og:site_name\" content=\"Ensemble Orchestral Contemporain\" \/>\n<meta property=\"article:published_time\" content=\"2024-09-10T08:18:48+00:00\" \/>\n<meta property=\"article:modified_time\" content=\"2024-12-04T11:11:53+00:00\" \/>\n<meta property=\"og:image\" content=\"https:\/\/old-eoc.dev-app.net\/wp-content\/uploads\/2024\/09\/Studio-Loic-Bisoli-97-scaled.jpg\" \/>\n\t<meta property=\"og:image:width\" content=\"1920\" \/>\n\t<meta property=\"og:image:height\" content=\"1278\" \/>\n\t<meta property=\"og:image:type\" content=\"image\/jpeg\" \/>\n<meta name=\"author\" content=\"Am\u00e9lie Finet\" \/>\n<meta name=\"twitter:card\" content=\"summary_large_image\" \/>\n<meta name=\"twitter:label1\" content=\"Written by\" \/>\n\t<meta name=\"twitter:data1\" content=\"Am\u00e9lie Finet\" \/>\n\t<meta name=\"twitter:label2\" content=\"Est. reading time\" \/>\n\t<meta name=\"twitter:data2\" content=\"1 minute\" \/>\n<script type=\"application\/ld+json\" class=\"yoast-schema-graph\">{\"@context\":\"https:\/\/schema.org\",\"@graph\":[{\"@type\":\"Article\",\"@id\":\"https:\/\/old-eoc.dev-app.net\/retour-en-images-sur-le-concert-a-fes-2\/#article\",\"isPartOf\":{\"@id\":\"https:\/\/old-eoc.dev-app.net\/retour-en-images-sur-le-concert-a-fes-2\/\"},\"author\":{\"name\":\"Am\u00e9lie Finet\",\"@id\":\"https:\/\/old-eoc.dev-app.net\/#\/schema\/person\/22903e18cfb1940ba9e7a40db29c84f8\"},\"headline\":\"Un \u00e9t\u00e9 avec l&#8217;EOC\",\"datePublished\":\"2024-09-10T08:18:48+00:00\",\"dateModified\":\"2024-12-04T11:11:53+00:00\",\"mainEntityOfPage\":{\"@id\":\"https:\/\/old-eoc.dev-app.net\/retour-en-images-sur-le-concert-a-fes-2\/\"},\"wordCount\":129,\"publisher\":{\"@id\":\"https:\/\/old-eoc.dev-app.net\/#organization\"},\"image\":{\"@id\":\"https:\/\/old-eoc.dev-app.net\/retour-en-images-sur-le-concert-a-fes-2\/#primaryimage\"},\"thumbnailUrl\":\"https:\/\/old-eoc.dev-app.net\/wp-content\/uploads\/2024\/09\/Studio-Loic-Bisoli-97-scaled.jpg\",\"articleSection\":[\"Actualit\u00e9\"],\"inLanguage\":\"en-US\"},{\"@type\":\"WebPage\",\"@id\":\"https:\/\/old-eoc.dev-app.net\/retour-en-images-sur-le-concert-a-fes-2\/\",\"url\":\"https:\/\/old-eoc.dev-app.net\/retour-en-images-sur-le-concert-a-fes-2\/\",\"name\":\"Un \u00e9t\u00e9 avec l'EOC - Ensemble Orchestral Contemporain\",\"isPartOf\":{\"@id\":\"https:\/\/old-eoc.dev-app.net\/#website\"},\"primaryImageOfPage\":{\"@id\":\"https:\/\/old-eoc.dev-app.net\/retour-en-images-sur-le-concert-a-fes-2\/#primaryimage\"},\"image\":{\"@id\":\"https:\/\/old-eoc.dev-app.net\/retour-en-images-sur-le-concert-a-fes-2\/#primaryimage\"},\"thumbnailUrl\":\"https:\/\/old-eoc.dev-app.net\/wp-content\/uploads\/2024\/09\/Studio-Loic-Bisoli-97-scaled.jpg\",\"datePublished\":\"2024-09-10T08:18:48+00:00\",\"dateModified\":\"2024-12-04T11:11:53+00:00\",\"breadcrumb\":{\"@id\":\"https:\/\/old-eoc.dev-app.net\/retour-en-images-sur-le-concert-a-fes-2\/#breadcrumb\"},\"inLanguage\":\"en-US\",\"potentialAction\":[{\"@type\":\"ReadAction\",\"target\":[\"https:\/\/old-eoc.dev-app.net\/retour-en-images-sur-le-concert-a-fes-2\/\"]}]},{\"@type\":\"ImageObject\",\"inLanguage\":\"en-US\",\"@id\":\"https:\/\/old-eoc.dev-app.net\/retour-en-images-sur-le-concert-a-fes-2\/#primaryimage\",\"url\":\"https:\/\/old-eoc.dev-app.net\/wp-content\/uploads\/2024\/09\/Studio-Loic-Bisoli-97-scaled.jpg\",\"contentUrl\":\"https:\/\/old-eoc.dev-app.net\/wp-content\/uploads\/2024\/09\/Studio-Loic-Bisoli-97-scaled.jpg\",\"width\":1920,\"height\":1278},{\"@type\":\"BreadcrumbList\",\"@id\":\"https:\/\/old-eoc.dev-app.net\/retour-en-images-sur-le-concert-a-fes-2\/#breadcrumb\",\"itemListElement\":[{\"@type\":\"ListItem\",\"position\":1,\"name\":\"Accueil\",\"item\":\"https:\/\/old-eoc.dev-app.net\/en\/\"},{\"@type\":\"ListItem\",\"position\":2,\"name\":\"Un \u00e9t\u00e9 avec l&#8217;EOC\"}]},{\"@type\":\"WebSite\",\"@id\":\"https:\/\/old-eoc.dev-app.net\/#website\",\"url\":\"https:\/\/old-eoc.dev-app.net\/\",\"name\":\"Ensemble Orchestral Contemporain\",\"description\":\"Direction Daniel Kawka\",\"publisher\":{\"@id\":\"https:\/\/old-eoc.dev-app.net\/#organization\"},\"potentialAction\":[{\"@type\":\"SearchAction\",\"target\":{\"@type\":\"EntryPoint\",\"urlTemplate\":\"https:\/\/old-eoc.dev-app.net\/?s={search_term_string}\"},\"query-input\":{\"@type\":\"PropertyValueSpecification\",\"valueRequired\":true,\"valueName\":\"search_term_string\"}}],\"inLanguage\":\"en-US\"},{\"@type\":\"Organization\",\"@id\":\"https:\/\/old-eoc.dev-app.net\/#organization\",\"name\":\"Ensemble Orchestral Contemporain\",\"url\":\"https:\/\/old-eoc.dev-app.net\/\",\"logo\":{\"@type\":\"ImageObject\",\"inLanguage\":\"en-US\",\"@id\":\"https:\/\/old-eoc.dev-app.net\/#\/schema\/logo\/image\/\",\"url\":\"https:\/\/old-eoc.dev-app.net\/wp-content\/uploads\/2024\/02\/cropped-admin-ajax2.jpg\",\"contentUrl\":\"https:\/\/old-eoc.dev-app.net\/wp-content\/uploads\/2024\/02\/cropped-admin-ajax2.jpg\",\"width\":148,\"height\":79,\"caption\":\"Ensemble Orchestral Contemporain\"},\"image\":{\"@id\":\"https:\/\/old-eoc.dev-app.net\/#\/schema\/logo\/image\/\"},\"sameAs\":[\"https:\/\/www.youtube.com\/user\/EnsembleEOC\"]},{\"@type\":\"Person\",\"@id\":\"https:\/\/old-eoc.dev-app.net\/#\/schema\/person\/22903e18cfb1940ba9e7a40db29c84f8\",\"name\":\"Am\u00e9lie Finet\",\"image\":{\"@type\":\"ImageObject\",\"inLanguage\":\"en-US\",\"@id\":\"https:\/\/old-eoc.dev-app.net\/#\/schema\/person\/image\/\",\"url\":\"https:\/\/secure.gravatar.com\/avatar\/2e0bfbdf5d8965d17c4d51755bcfc940?s=96&d=mm&r=g\",\"contentUrl\":\"https:\/\/secure.gravatar.com\/avatar\/2e0bfbdf5d8965d17c4d51755bcfc940?s=96&d=mm&r=g\",\"caption\":\"Am\u00e9lie Finet\"},\"url\":\"https:\/\/old-eoc.dev-app.net\/en\/author\/mhermant\/\"}]}<\/script>\n<!-- \/ Yoast SEO plugin. -->","yoast_head_json":{"title":"Un \u00e9t\u00e9 avec l'EOC - Ensemble Orchestral Contemporain","robots":{"index":"noindex","follow":"follow","max-snippet":"max-snippet:-1","max-image-preview":"max-image-preview:large","max-video-preview":"max-video-preview:-1"},"og_locale":"en_US","og_type":"article","og_title":"Un \u00e9t\u00e9 avec l'EOC - Ensemble Orchestral Contemporain","og_description":"De la R\u00e9gion Auvergne-Rh\u00f4ne-Alpes \u00e0 la C\u00f4te d&#8217;Azur, retour en images sur notre s\u00e9rie estivale de concerts.","og_url":"https:\/\/old-eoc.dev-app.net\/retour-en-images-sur-le-concert-a-fes-2\/","og_site_name":"Ensemble Orchestral Contemporain","article_published_time":"2024-09-10T08:18:48+00:00","article_modified_time":"2024-12-04T11:11:53+00:00","og_image":[{"width":1920,"height":1278,"url":"https:\/\/old-eoc.dev-app.net\/wp-content\/uploads\/2024\/09\/Studio-Loic-Bisoli-97-scaled.jpg","type":"image\/jpeg"}],"author":"Am\u00e9lie Finet","twitter_card":"summary_large_image","twitter_misc":{"Written by":"Am\u00e9lie Finet","Est. reading time":"1 minute"},"schema":{"@context":"https:\/\/schema.org","@graph":[{"@type":"Article","@id":"https:\/\/old-eoc.dev-app.net\/retour-en-images-sur-le-concert-a-fes-2\/#article","isPartOf":{"@id":"https:\/\/old-eoc.dev-app.net\/retour-en-images-sur-le-concert-a-fes-2\/"},"author":{"name":"Am\u00e9lie Finet","@id":"https:\/\/old-eoc.dev-app.net\/#\/schema\/person\/22903e18cfb1940ba9e7a40db29c84f8"},"headline":"Un \u00e9t\u00e9 avec l&#8217;EOC","datePublished":"2024-09-10T08:18:48+00:00","dateModified":"2024-12-04T11:11:53+00:00","mainEntityOfPage":{"@id":"https:\/\/old-eoc.dev-app.net\/retour-en-images-sur-le-concert-a-fes-2\/"},"wordCount":129,"publisher":{"@id":"https:\/\/old-eoc.dev-app.net\/#organization"},"image":{"@id":"https:\/\/old-eoc.dev-app.net\/retour-en-images-sur-le-concert-a-fes-2\/#primaryimage"},"thumbnailUrl":"https:\/\/old-eoc.dev-app.net\/wp-content\/uploads\/2024\/09\/Studio-Loic-Bisoli-97-scaled.jpg","articleSection":["Actualit\u00e9"],"inLanguage":"en-US"},{"@type":"WebPage","@id":"https:\/\/old-eoc.dev-app.net\/retour-en-images-sur-le-concert-a-fes-2\/","url":"https:\/\/old-eoc.dev-app.net\/retour-en-images-sur-le-concert-a-fes-2\/","name":"Un \u00e9t\u00e9 avec l'EOC - Ensemble Orchestral Contemporain","isPartOf":{"@id":"https:\/\/old-eoc.dev-app.net\/#website"},"primaryImageOfPage":{"@id":"https:\/\/old-eoc.dev-app.net\/retour-en-images-sur-le-concert-a-fes-2\/#primaryimage"},"image":{"@id":"https:\/\/old-eoc.dev-app.net\/retour-en-images-sur-le-concert-a-fes-2\/#primaryimage"},"thumbnailUrl":"https:\/\/old-eoc.dev-app.net\/wp-content\/uploads\/2024\/09\/Studio-Loic-Bisoli-97-scaled.jpg","datePublished":"2024-09-10T08:18:48+00:00","dateModified":"2024-12-04T11:11:53+00:00","breadcrumb":{"@id":"https:\/\/old-eoc.dev-app.net\/retour-en-images-sur-le-concert-a-fes-2\/#breadcrumb"},"inLanguage":"en-US","potentialAction":[{"@type":"ReadAction","target":["https:\/\/old-eoc.dev-app.net\/retour-en-images-sur-le-concert-a-fes-2\/"]}]},{"@type":"ImageObject","inLanguage":"en-US","@id":"https:\/\/old-eoc.dev-app.net\/retour-en-images-sur-le-concert-a-fes-2\/#primaryimage","url":"https:\/\/old-eoc.dev-app.net\/wp-content\/uploads\/2024\/09\/Studio-Loic-Bisoli-97-scaled.jpg","contentUrl":"https:\/\/old-eoc.dev-app.net\/wp-content\/uploads\/2024\/09\/Studio-Loic-Bisoli-97-scaled.jpg","width":1920,"height":1278},{"@type":"BreadcrumbList","@id":"https:\/\/old-eoc.dev-app.net\/retour-en-images-sur-le-concert-a-fes-2\/#breadcrumb","itemListElement":[{"@type":"ListItem","position":1,"name":"Accueil","item":"https:\/\/old-eoc.dev-app.net\/en\/"},{"@type":"ListItem","position":2,"name":"Un \u00e9t\u00e9 avec l&#8217;EOC"}]},{"@type":"WebSite","@id":"https:\/\/old-eoc.dev-app.net\/#website","url":"https:\/\/old-eoc.dev-app.net\/","name":"Ensemble Orchestral Contemporain","description":"Direction Daniel Kawka","publisher":{"@id":"https:\/\/old-eoc.dev-app.net\/#organization"},"potentialAction":[{"@type":"SearchAction","target":{"@type":"EntryPoint","urlTemplate":"https:\/\/old-eoc.dev-app.net\/?s={search_term_string}"},"query-input":{"@type":"PropertyValueSpecification","valueRequired":true,"valueName":"search_term_string"}}],"inLanguage":"en-US"},{"@type":"Organization","@id":"https:\/\/old-eoc.dev-app.net\/#organization","name":"Ensemble Orchestral Contemporain","url":"https:\/\/old-eoc.dev-app.net\/","logo":{"@type":"ImageObject","inLanguage":"en-US","@id":"https:\/\/old-eoc.dev-app.net\/#\/schema\/logo\/image\/","url":"https:\/\/old-eoc.dev-app.net\/wp-content\/uploads\/2024\/02\/cropped-admin-ajax2.jpg","contentUrl":"https:\/\/old-eoc.dev-app.net\/wp-content\/uploads\/2024\/02\/cropped-admin-ajax2.jpg","width":148,"height":79,"caption":"Ensemble Orchestral Contemporain"},"image":{"@id":"https:\/\/old-eoc.dev-app.net\/#\/schema\/logo\/image\/"},"sameAs":["https:\/\/www.youtube.com\/user\/EnsembleEOC"]},{"@type":"Person","@id":"https:\/\/old-eoc.dev-app.net\/#\/schema\/person\/22903e18cfb1940ba9e7a40db29c84f8","name":"Am\u00e9lie Finet","image":{"@type":"ImageObject","inLanguage":"en-US","@id":"https:\/\/old-eoc.dev-app.net\/#\/schema\/person\/image\/","url":"https:\/\/secure.gravatar.com\/avatar\/2e0bfbdf5d8965d17c4d51755bcfc940?s=96&d=mm&r=g","contentUrl":"https:\/\/secure.gravatar.com\/avatar\/2e0bfbdf5d8965d17c4d51755bcfc940?s=96&d=mm&r=g","caption":"Am\u00e9lie Finet"},"url":"https:\/\/old-eoc.dev-app.net\/en\/author\/mhermant\/"}]}},"_links":{"self":[{"href":"https:\/\/old-eoc.dev-app.net\/en\/wp-json\/wp\/v2\/posts\/32013","targetHints":{"allow":["GET"]}}],"collection":[{"href":"https:\/\/old-eoc.dev-app.net\/en\/wp-json\/wp\/v2\/posts"}],"about":[{"href":"https:\/\/old-eoc.dev-app.net\/en\/wp-json\/wp\/v2\/types\/post"}],"author":[{"embeddable":true,"href":"https:\/\/old-eoc.dev-app.net\/en\/wp-json\/wp\/v2\/users\/21"}],"replies":[{"embeddable":true,"href":"https:\/\/old-eoc.dev-app.net\/en\/wp-json\/wp\/v2\/comments?post=32013"}],"version-history":[{"count":0,"href":"https:\/\/old-eoc.dev-app.net\/en\/wp-json\/wp\/v2\/posts\/32013\/revisions"}],"wp:featuredmedia":[{"embeddable":true,"href":"https:\/\/old-eoc.dev-app.net\/en\/wp-json\/wp\/v2\/media\/32031"}],"wp:attachment":[{"href":"https:\/\/old-eoc.dev-app.net\/en\/wp-json\/wp\/v2\/media?parent=32013"}],"wp:term":[{"taxonomy":"category","embeddable":true,"href":"https:\/\/old-eoc.dev-app.net\/en\/wp-json\/wp\/v2\/categories?post=32013"},{"taxonomy":"post_tag","embeddable":true,"href":"https:\/\/old-eoc.dev-app.net\/en\/wp-json\/wp\/v2\/tags?post=32013"}],"curies":[{"name":"wp","href":"https:\/\/api.w.org\/{rel}","templated":true}]}}