{"id":31739,"date":"2024-06-12T17:18:48","date_gmt":"2024-06-12T15:18:48","guid":{"rendered":"https:\/\/old-eoc.dev-app.net\/?p=31739"},"modified":"2024-12-03T17:25:01","modified_gmt":"2024-12-03T16:25:01","slug":"retour-en-images-sur-le-concert-a-fes","status":"publish","type":"post","link":"https:\/\/old-eoc.dev-app.net\/en\/retour-en-images-sur-le-concert-a-fes\/","title":{"rendered":"Retour en images sur le concert \u00e0 F\u00e8s"},"content":{"rendered":"<p class=\"rtejustify\">Le 1er juin 2024, l&#8217;EOC a eu le plaisir de jouer pour la cl\u00f4ture du festival des musiques sacr\u00e9es du monde de F\u00e8s au Maroc.<!--more--><\/p>\n<p class=\"rtejustify\">Les artistes de l&#8217;Ensemble, le choeur du Gospel Philharmonic Experience ainsi que la diva Kim Burrell ont offert un magnifique spectacle Gospel qui s&#8217;est d\u00e9roul\u00e9 en pr\u00e9sence de plus de 4.000 festivaliers.<\/p>\n<p class=\"rtejustify\">Retour en images sur ce concert exceptionnel&#8230;<\/p>\n<p>cr\u00e9dits photo : Khalid Kaal, Mohammed Tadlaoui, Omar Chennafi et Zoubir Ali<\/p>\n<div><\/div>\n","protected":false},"excerpt":{"rendered":"<p>Le 1er juin 2024, l&#8217;EOC a eu le plaisir de jouer pour la cl\u00f4ture du festival des musiques sacr\u00e9es du monde de F\u00e8s au Maroc.<\/p>\n","protected":false},"author":21,"featured_media":31773,"comment_status":"closed","ping_status":"open","sticky":false,"template":"","format":"standard","meta":{"_acf_changed":false,"footnotes":""},"categories":[1],"tags":[],"class_list":["post-31739","post","type-post","status-publish","format-standard","has-post-thumbnail","hentry","category-actualite"],"acf":[],"yoast_head":"<!-- This site is optimized with the Yoast SEO plugin v24.8.1 - https:\/\/yoast.com\/wordpress\/plugins\/seo\/ -->\n<title>Retour en images sur le concert \u00e0 F\u00e8s - Ensemble Orchestral Contemporain<\/title>\n<meta name=\"robots\" content=\"noindex, follow, max-snippet:-1, max-image-preview:large, max-video-preview:-1\" \/>\n<meta property=\"og:locale\" content=\"en_US\" \/>\n<meta property=\"og:type\" content=\"article\" \/>\n<meta property=\"og:title\" content=\"Retour en images sur le concert \u00e0 F\u00e8s - Ensemble Orchestral Contemporain\" \/>\n<meta property=\"og:description\" content=\"Le 1er juin 2024, l&#8217;EOC a eu le plaisir de jouer pour la cl\u00f4ture du festival des musiques sacr\u00e9es du monde de F\u00e8s au Maroc.\" \/>\n<meta property=\"og:url\" content=\"https:\/\/old-eoc.dev-app.net\/retour-en-images-sur-le-concert-a-fes\/\" \/>\n<meta property=\"og:site_name\" content=\"Ensemble Orchestral Contemporain\" \/>\n<meta property=\"article:published_time\" content=\"2024-06-12T15:18:48+00:00\" \/>\n<meta property=\"article:modified_time\" content=\"2024-12-03T16:25:01+00:00\" \/>\n<meta property=\"og:image\" content=\"https:\/\/old-eoc.dev-app.net\/wp-content\/uploads\/2024\/06\/20240601223036.jpg\" \/>\n\t<meta property=\"og:image:width\" content=\"1224\" \/>\n\t<meta property=\"og:image:height\" content=\"817\" \/>\n\t<meta property=\"og:image:type\" content=\"image\/jpeg\" \/>\n<meta name=\"author\" content=\"Am\u00e9lie Finet\" \/>\n<meta name=\"twitter:card\" content=\"summary_large_image\" \/>\n<meta name=\"twitter:label1\" content=\"Written by\" \/>\n\t<meta name=\"twitter:data1\" content=\"Am\u00e9lie Finet\" \/>\n\t<meta name=\"twitter:label2\" content=\"Est. reading time\" \/>\n\t<meta name=\"twitter:data2\" content=\"1 minute\" \/>\n<script type=\"application\/ld+json\" class=\"yoast-schema-graph\">{\"@context\":\"https:\/\/schema.org\",\"@graph\":[{\"@type\":\"Article\",\"@id\":\"https:\/\/old-eoc.dev-app.net\/retour-en-images-sur-le-concert-a-fes\/#article\",\"isPartOf\":{\"@id\":\"https:\/\/old-eoc.dev-app.net\/retour-en-images-sur-le-concert-a-fes\/\"},\"author\":{\"name\":\"Am\u00e9lie Finet\",\"@id\":\"https:\/\/old-eoc.dev-app.net\/#\/schema\/person\/22903e18cfb1940ba9e7a40db29c84f8\"},\"headline\":\"Retour en images sur le concert \u00e0 F\u00e8s\",\"datePublished\":\"2024-06-12T15:18:48+00:00\",\"dateModified\":\"2024-12-03T16:25:01+00:00\",\"mainEntityOfPage\":{\"@id\":\"https:\/\/old-eoc.dev-app.net\/retour-en-images-sur-le-concert-a-fes\/\"},\"wordCount\":92,\"publisher\":{\"@id\":\"https:\/\/old-eoc.dev-app.net\/#organization\"},\"image\":{\"@id\":\"https:\/\/old-eoc.dev-app.net\/retour-en-images-sur-le-concert-a-fes\/#primaryimage\"},\"thumbnailUrl\":\"https:\/\/old-eoc.dev-app.net\/wp-content\/uploads\/2024\/06\/20240601223036.jpg\",\"articleSection\":[\"Actualit\u00e9\"],\"inLanguage\":\"en-US\"},{\"@type\":\"WebPage\",\"@id\":\"https:\/\/old-eoc.dev-app.net\/retour-en-images-sur-le-concert-a-fes\/\",\"url\":\"https:\/\/old-eoc.dev-app.net\/retour-en-images-sur-le-concert-a-fes\/\",\"name\":\"Retour en images sur le concert \u00e0 F\u00e8s - Ensemble Orchestral Contemporain\",\"isPartOf\":{\"@id\":\"https:\/\/old-eoc.dev-app.net\/#website\"},\"primaryImageOfPage\":{\"@id\":\"https:\/\/old-eoc.dev-app.net\/retour-en-images-sur-le-concert-a-fes\/#primaryimage\"},\"image\":{\"@id\":\"https:\/\/old-eoc.dev-app.net\/retour-en-images-sur-le-concert-a-fes\/#primaryimage\"},\"thumbnailUrl\":\"https:\/\/old-eoc.dev-app.net\/wp-content\/uploads\/2024\/06\/20240601223036.jpg\",\"datePublished\":\"2024-06-12T15:18:48+00:00\",\"dateModified\":\"2024-12-03T16:25:01+00:00\",\"breadcrumb\":{\"@id\":\"https:\/\/old-eoc.dev-app.net\/retour-en-images-sur-le-concert-a-fes\/#breadcrumb\"},\"inLanguage\":\"en-US\",\"potentialAction\":[{\"@type\":\"ReadAction\",\"target\":[\"https:\/\/old-eoc.dev-app.net\/retour-en-images-sur-le-concert-a-fes\/\"]}]},{\"@type\":\"ImageObject\",\"inLanguage\":\"en-US\",\"@id\":\"https:\/\/old-eoc.dev-app.net\/retour-en-images-sur-le-concert-a-fes\/#primaryimage\",\"url\":\"https:\/\/old-eoc.dev-app.net\/wp-content\/uploads\/2024\/06\/20240601223036.jpg\",\"contentUrl\":\"https:\/\/old-eoc.dev-app.net\/wp-content\/uploads\/2024\/06\/20240601223036.jpg\",\"width\":1224,\"height\":817},{\"@type\":\"BreadcrumbList\",\"@id\":\"https:\/\/old-eoc.dev-app.net\/retour-en-images-sur-le-concert-a-fes\/#breadcrumb\",\"itemListElement\":[{\"@type\":\"ListItem\",\"position\":1,\"name\":\"Accueil\",\"item\":\"https:\/\/old-eoc.dev-app.net\/en\/\"},{\"@type\":\"ListItem\",\"position\":2,\"name\":\"Retour en images sur le concert \u00e0 F\u00e8s\"}]},{\"@type\":\"WebSite\",\"@id\":\"https:\/\/old-eoc.dev-app.net\/#website\",\"url\":\"https:\/\/old-eoc.dev-app.net\/\",\"name\":\"Ensemble Orchestral Contemporain\",\"description\":\"Direction Daniel Kawka\",\"publisher\":{\"@id\":\"https:\/\/old-eoc.dev-app.net\/#organization\"},\"potentialAction\":[{\"@type\":\"SearchAction\",\"target\":{\"@type\":\"EntryPoint\",\"urlTemplate\":\"https:\/\/old-eoc.dev-app.net\/?s={search_term_string}\"},\"query-input\":{\"@type\":\"PropertyValueSpecification\",\"valueRequired\":true,\"valueName\":\"search_term_string\"}}],\"inLanguage\":\"en-US\"},{\"@type\":\"Organization\",\"@id\":\"https:\/\/old-eoc.dev-app.net\/#organization\",\"name\":\"Ensemble Orchestral Contemporain\",\"url\":\"https:\/\/old-eoc.dev-app.net\/\",\"logo\":{\"@type\":\"ImageObject\",\"inLanguage\":\"en-US\",\"@id\":\"https:\/\/old-eoc.dev-app.net\/#\/schema\/logo\/image\/\",\"url\":\"https:\/\/old-eoc.dev-app.net\/wp-content\/uploads\/2024\/02\/cropped-admin-ajax2.jpg\",\"contentUrl\":\"https:\/\/old-eoc.dev-app.net\/wp-content\/uploads\/2024\/02\/cropped-admin-ajax2.jpg\",\"width\":148,\"height\":79,\"caption\":\"Ensemble Orchestral Contemporain\"},\"image\":{\"@id\":\"https:\/\/old-eoc.dev-app.net\/#\/schema\/logo\/image\/\"},\"sameAs\":[\"https:\/\/www.youtube.com\/user\/EnsembleEOC\"]},{\"@type\":\"Person\",\"@id\":\"https:\/\/old-eoc.dev-app.net\/#\/schema\/person\/22903e18cfb1940ba9e7a40db29c84f8\",\"name\":\"Am\u00e9lie Finet\",\"image\":{\"@type\":\"ImageObject\",\"inLanguage\":\"en-US\",\"@id\":\"https:\/\/old-eoc.dev-app.net\/#\/schema\/person\/image\/\",\"url\":\"https:\/\/secure.gravatar.com\/avatar\/2e0bfbdf5d8965d17c4d51755bcfc940?s=96&d=mm&r=g\",\"contentUrl\":\"https:\/\/secure.gravatar.com\/avatar\/2e0bfbdf5d8965d17c4d51755bcfc940?s=96&d=mm&r=g\",\"caption\":\"Am\u00e9lie Finet\"},\"url\":\"https:\/\/old-eoc.dev-app.net\/en\/author\/mhermant\/\"}]}<\/script>\n<!-- \/ Yoast SEO plugin. -->","yoast_head_json":{"title":"Retour en images sur le concert \u00e0 F\u00e8s - Ensemble Orchestral Contemporain","robots":{"index":"noindex","follow":"follow","max-snippet":"max-snippet:-1","max-image-preview":"max-image-preview:large","max-video-preview":"max-video-preview:-1"},"og_locale":"en_US","og_type":"article","og_title":"Retour en images sur le concert \u00e0 F\u00e8s - Ensemble Orchestral Contemporain","og_description":"Le 1er juin 2024, l&#8217;EOC a eu le plaisir de jouer pour la cl\u00f4ture du festival des musiques sacr\u00e9es du monde de F\u00e8s au Maroc.","og_url":"https:\/\/old-eoc.dev-app.net\/retour-en-images-sur-le-concert-a-fes\/","og_site_name":"Ensemble Orchestral Contemporain","article_published_time":"2024-06-12T15:18:48+00:00","article_modified_time":"2024-12-03T16:25:01+00:00","og_image":[{"width":1224,"height":817,"url":"https:\/\/old-eoc.dev-app.net\/wp-content\/uploads\/2024\/06\/20240601223036.jpg","type":"image\/jpeg"}],"author":"Am\u00e9lie Finet","twitter_card":"summary_large_image","twitter_misc":{"Written by":"Am\u00e9lie Finet","Est. reading time":"1 minute"},"schema":{"@context":"https:\/\/schema.org","@graph":[{"@type":"Article","@id":"https:\/\/old-eoc.dev-app.net\/retour-en-images-sur-le-concert-a-fes\/#article","isPartOf":{"@id":"https:\/\/old-eoc.dev-app.net\/retour-en-images-sur-le-concert-a-fes\/"},"author":{"name":"Am\u00e9lie Finet","@id":"https:\/\/old-eoc.dev-app.net\/#\/schema\/person\/22903e18cfb1940ba9e7a40db29c84f8"},"headline":"Retour en images sur le concert \u00e0 F\u00e8s","datePublished":"2024-06-12T15:18:48+00:00","dateModified":"2024-12-03T16:25:01+00:00","mainEntityOfPage":{"@id":"https:\/\/old-eoc.dev-app.net\/retour-en-images-sur-le-concert-a-fes\/"},"wordCount":92,"publisher":{"@id":"https:\/\/old-eoc.dev-app.net\/#organization"},"image":{"@id":"https:\/\/old-eoc.dev-app.net\/retour-en-images-sur-le-concert-a-fes\/#primaryimage"},"thumbnailUrl":"https:\/\/old-eoc.dev-app.net\/wp-content\/uploads\/2024\/06\/20240601223036.jpg","articleSection":["Actualit\u00e9"],"inLanguage":"en-US"},{"@type":"WebPage","@id":"https:\/\/old-eoc.dev-app.net\/retour-en-images-sur-le-concert-a-fes\/","url":"https:\/\/old-eoc.dev-app.net\/retour-en-images-sur-le-concert-a-fes\/","name":"Retour en images sur le concert \u00e0 F\u00e8s - Ensemble Orchestral Contemporain","isPartOf":{"@id":"https:\/\/old-eoc.dev-app.net\/#website"},"primaryImageOfPage":{"@id":"https:\/\/old-eoc.dev-app.net\/retour-en-images-sur-le-concert-a-fes\/#primaryimage"},"image":{"@id":"https:\/\/old-eoc.dev-app.net\/retour-en-images-sur-le-concert-a-fes\/#primaryimage"},"thumbnailUrl":"https:\/\/old-eoc.dev-app.net\/wp-content\/uploads\/2024\/06\/20240601223036.jpg","datePublished":"2024-06-12T15:18:48+00:00","dateModified":"2024-12-03T16:25:01+00:00","breadcrumb":{"@id":"https:\/\/old-eoc.dev-app.net\/retour-en-images-sur-le-concert-a-fes\/#breadcrumb"},"inLanguage":"en-US","potentialAction":[{"@type":"ReadAction","target":["https:\/\/old-eoc.dev-app.net\/retour-en-images-sur-le-concert-a-fes\/"]}]},{"@type":"ImageObject","inLanguage":"en-US","@id":"https:\/\/old-eoc.dev-app.net\/retour-en-images-sur-le-concert-a-fes\/#primaryimage","url":"https:\/\/old-eoc.dev-app.net\/wp-content\/uploads\/2024\/06\/20240601223036.jpg","contentUrl":"https:\/\/old-eoc.dev-app.net\/wp-content\/uploads\/2024\/06\/20240601223036.jpg","width":1224,"height":817},{"@type":"BreadcrumbList","@id":"https:\/\/old-eoc.dev-app.net\/retour-en-images-sur-le-concert-a-fes\/#breadcrumb","itemListElement":[{"@type":"ListItem","position":1,"name":"Accueil","item":"https:\/\/old-eoc.dev-app.net\/en\/"},{"@type":"ListItem","position":2,"name":"Retour en images sur le concert \u00e0 F\u00e8s"}]},{"@type":"WebSite","@id":"https:\/\/old-eoc.dev-app.net\/#website","url":"https:\/\/old-eoc.dev-app.net\/","name":"Ensemble Orchestral Contemporain","description":"Direction Daniel Kawka","publisher":{"@id":"https:\/\/old-eoc.dev-app.net\/#organization"},"potentialAction":[{"@type":"SearchAction","target":{"@type":"EntryPoint","urlTemplate":"https:\/\/old-eoc.dev-app.net\/?s={search_term_string}"},"query-input":{"@type":"PropertyValueSpecification","valueRequired":true,"valueName":"search_term_string"}}],"inLanguage":"en-US"},{"@type":"Organization","@id":"https:\/\/old-eoc.dev-app.net\/#organization","name":"Ensemble Orchestral Contemporain","url":"https:\/\/old-eoc.dev-app.net\/","logo":{"@type":"ImageObject","inLanguage":"en-US","@id":"https:\/\/old-eoc.dev-app.net\/#\/schema\/logo\/image\/","url":"https:\/\/old-eoc.dev-app.net\/wp-content\/uploads\/2024\/02\/cropped-admin-ajax2.jpg","contentUrl":"https:\/\/old-eoc.dev-app.net\/wp-content\/uploads\/2024\/02\/cropped-admin-ajax2.jpg","width":148,"height":79,"caption":"Ensemble Orchestral Contemporain"},"image":{"@id":"https:\/\/old-eoc.dev-app.net\/#\/schema\/logo\/image\/"},"sameAs":["https:\/\/www.youtube.com\/user\/EnsembleEOC"]},{"@type":"Person","@id":"https:\/\/old-eoc.dev-app.net\/#\/schema\/person\/22903e18cfb1940ba9e7a40db29c84f8","name":"Am\u00e9lie Finet","image":{"@type":"ImageObject","inLanguage":"en-US","@id":"https:\/\/old-eoc.dev-app.net\/#\/schema\/person\/image\/","url":"https:\/\/secure.gravatar.com\/avatar\/2e0bfbdf5d8965d17c4d51755bcfc940?s=96&d=mm&r=g","contentUrl":"https:\/\/secure.gravatar.com\/avatar\/2e0bfbdf5d8965d17c4d51755bcfc940?s=96&d=mm&r=g","caption":"Am\u00e9lie Finet"},"url":"https:\/\/old-eoc.dev-app.net\/en\/author\/mhermant\/"}]}},"_links":{"self":[{"href":"https:\/\/old-eoc.dev-app.net\/en\/wp-json\/wp\/v2\/posts\/31739","targetHints":{"allow":["GET"]}}],"collection":[{"href":"https:\/\/old-eoc.dev-app.net\/en\/wp-json\/wp\/v2\/posts"}],"about":[{"href":"https:\/\/old-eoc.dev-app.net\/en\/wp-json\/wp\/v2\/types\/post"}],"author":[{"embeddable":true,"href":"https:\/\/old-eoc.dev-app.net\/en\/wp-json\/wp\/v2\/users\/21"}],"replies":[{"embeddable":true,"href":"https:\/\/old-eoc.dev-app.net\/en\/wp-json\/wp\/v2\/comments?post=31739"}],"version-history":[{"count":0,"href":"https:\/\/old-eoc.dev-app.net\/en\/wp-json\/wp\/v2\/posts\/31739\/revisions"}],"wp:featuredmedia":[{"embeddable":true,"href":"https:\/\/old-eoc.dev-app.net\/en\/wp-json\/wp\/v2\/media\/31773"}],"wp:attachment":[{"href":"https:\/\/old-eoc.dev-app.net\/en\/wp-json\/wp\/v2\/media?parent=31739"}],"wp:term":[{"taxonomy":"category","embeddable":true,"href":"https:\/\/old-eoc.dev-app.net\/en\/wp-json\/wp\/v2\/categories?post=31739"},{"taxonomy":"post_tag","embeddable":true,"href":"https:\/\/old-eoc.dev-app.net\/en\/wp-json\/wp\/v2\/tags?post=31739"}],"curies":[{"name":"wp","href":"https:\/\/api.w.org\/{rel}","templated":true}]}}