{"id":31673,"date":"2024-05-21T16:42:20","date_gmt":"2024-05-21T14:42:20","guid":{"rendered":"https:\/\/old-eoc.dev-app.net\/?p=31673"},"modified":"2024-12-04T12:12:04","modified_gmt":"2024-12-04T11:12:04","slug":"interferences","status":"publish","type":"post","link":"https:\/\/old-eoc.dev-app.net\/en\/interferences\/","title":{"rendered":"L&#8217;EOC au festival d&#8217;Avignon avec la FEVIS"},"content":{"rendered":"<p><span style=\"font-weight: 400;\">INTERF\u00c9RENCES est un \u00e9v\u00e9nement musical lanc\u00e9 en 2023 en Avignon au sein du plus grand rendez-vous fran\u00e7ais du spectacle vivant.<\/span><!--more--><\/p>\n<p><span style=\"font-weight: 400;\">Il aspire \u00e0 donner de la visibilit\u00e9 \u00e0 la cr\u00e9ation musicale dans toute sa diversit\u00e9, de la musique ancienne \u00e0 la musique contemporaine, et s\u2019inscrit plus largement dans le cadre du travail que m\u00e8ne la FEVIS depuis plusieurs ann\u00e9es sur les questions de diffusion de la musique dans les sc\u00e8nes pluridisciplinaires. L\u2019\u00e9v\u00e9nement est con\u00e7u en lien avec les pouvoirs publics et les r\u00e9seaux professionnels du secteur, en partenariat avec la Collection Lambert et l\u2019Archivolte &#8211; Chapelle du Miracle.<\/span><\/p>\n<p>L&#8217;EOC pr\u00e9sente le spectacle musical Wagner, Wotan, Fran\u00e7ois et les autres, du 11 au 16 juillet \u00e0 10h00 \u00e0 la Collection Lambert.<\/p>\n<p><a href=\"https:\/\/www.fevis.com\/wp-content\/uploads\/2024\/05\/CP_Interferences_FEVIS_Festival-Off-Avignon-14.05.24.pdf\">Voir le communiqu\u00e9 de presse<\/a><\/p>\n<p><br style=\"font-weight: 400;\" \/><br style=\"font-weight: 400;\" \/><\/p>\n","protected":false},"excerpt":{"rendered":"<p>INTERF\u00c9RENCES est un \u00e9v\u00e9nement musical lanc\u00e9 en 2023 en Avignon au sein du plus grand rendez-vous fran\u00e7ais du spectacle vivant.<\/p>\n","protected":false},"author":21,"featured_media":31680,"comment_status":"closed","ping_status":"open","sticky":false,"template":"","format":"standard","meta":{"_acf_changed":false,"footnotes":""},"categories":[1],"tags":[],"class_list":["post-31673","post","type-post","status-publish","format-standard","has-post-thumbnail","hentry","category-actualite"],"acf":[],"yoast_head":"<!-- This site is optimized with the Yoast SEO plugin v24.8.1 - https:\/\/yoast.com\/wordpress\/plugins\/seo\/ -->\n<title>L&#039;EOC au festival d&#039;Avignon avec la FEVIS - Ensemble Orchestral Contemporain<\/title>\n<meta name=\"robots\" content=\"noindex, follow, max-snippet:-1, max-image-preview:large, max-video-preview:-1\" \/>\n<meta property=\"og:locale\" content=\"en_US\" \/>\n<meta property=\"og:type\" content=\"article\" \/>\n<meta property=\"og:title\" content=\"L&#039;EOC au festival d&#039;Avignon avec la FEVIS - Ensemble Orchestral Contemporain\" \/>\n<meta property=\"og:description\" content=\"INTERF\u00c9RENCES est un \u00e9v\u00e9nement musical lanc\u00e9 en 2023 en Avignon au sein du plus grand rendez-vous fran\u00e7ais du spectacle vivant.\" \/>\n<meta property=\"og:url\" content=\"https:\/\/old-eoc.dev-app.net\/interferences\/\" \/>\n<meta property=\"og:site_name\" content=\"Ensemble Orchestral Contemporain\" \/>\n<meta property=\"article:published_time\" content=\"2024-05-21T14:42:20+00:00\" \/>\n<meta property=\"article:modified_time\" content=\"2024-12-04T11:12:04+00:00\" \/>\n<meta property=\"og:image\" content=\"https:\/\/old-eoc.dev-app.net\/wp-content\/uploads\/2024\/05\/Design-sans-titre-2.png\" \/>\n\t<meta property=\"og:image:width\" content=\"1920\" \/>\n\t<meta property=\"og:image:height\" content=\"1069\" \/>\n\t<meta property=\"og:image:type\" content=\"image\/png\" \/>\n<meta name=\"author\" content=\"Am\u00e9lie Finet\" \/>\n<meta name=\"twitter:card\" content=\"summary_large_image\" \/>\n<meta name=\"twitter:label1\" content=\"Written by\" \/>\n\t<meta name=\"twitter:data1\" content=\"Am\u00e9lie Finet\" \/>\n\t<meta name=\"twitter:label2\" content=\"Est. reading time\" \/>\n\t<meta name=\"twitter:data2\" content=\"1 minute\" \/>\n<script type=\"application\/ld+json\" class=\"yoast-schema-graph\">{\"@context\":\"https:\/\/schema.org\",\"@graph\":[{\"@type\":\"Article\",\"@id\":\"https:\/\/old-eoc.dev-app.net\/interferences\/#article\",\"isPartOf\":{\"@id\":\"https:\/\/old-eoc.dev-app.net\/interferences\/\"},\"author\":{\"name\":\"Am\u00e9lie Finet\",\"@id\":\"https:\/\/old-eoc.dev-app.net\/#\/schema\/person\/22903e18cfb1940ba9e7a40db29c84f8\"},\"headline\":\"L&#8217;EOC au festival d&#8217;Avignon avec la FEVIS\",\"datePublished\":\"2024-05-21T14:42:20+00:00\",\"dateModified\":\"2024-12-04T11:12:04+00:00\",\"mainEntityOfPage\":{\"@id\":\"https:\/\/old-eoc.dev-app.net\/interferences\/\"},\"wordCount\":142,\"publisher\":{\"@id\":\"https:\/\/old-eoc.dev-app.net\/#organization\"},\"image\":{\"@id\":\"https:\/\/old-eoc.dev-app.net\/interferences\/#primaryimage\"},\"thumbnailUrl\":\"https:\/\/old-eoc.dev-app.net\/wp-content\/uploads\/2024\/05\/Design-sans-titre-2.png\",\"articleSection\":[\"Actualit\u00e9\"],\"inLanguage\":\"en-US\"},{\"@type\":\"WebPage\",\"@id\":\"https:\/\/old-eoc.dev-app.net\/interferences\/\",\"url\":\"https:\/\/old-eoc.dev-app.net\/interferences\/\",\"name\":\"L'EOC au festival d'Avignon avec la FEVIS - Ensemble Orchestral Contemporain\",\"isPartOf\":{\"@id\":\"https:\/\/old-eoc.dev-app.net\/#website\"},\"primaryImageOfPage\":{\"@id\":\"https:\/\/old-eoc.dev-app.net\/interferences\/#primaryimage\"},\"image\":{\"@id\":\"https:\/\/old-eoc.dev-app.net\/interferences\/#primaryimage\"},\"thumbnailUrl\":\"https:\/\/old-eoc.dev-app.net\/wp-content\/uploads\/2024\/05\/Design-sans-titre-2.png\",\"datePublished\":\"2024-05-21T14:42:20+00:00\",\"dateModified\":\"2024-12-04T11:12:04+00:00\",\"breadcrumb\":{\"@id\":\"https:\/\/old-eoc.dev-app.net\/interferences\/#breadcrumb\"},\"inLanguage\":\"en-US\",\"potentialAction\":[{\"@type\":\"ReadAction\",\"target\":[\"https:\/\/old-eoc.dev-app.net\/interferences\/\"]}]},{\"@type\":\"ImageObject\",\"inLanguage\":\"en-US\",\"@id\":\"https:\/\/old-eoc.dev-app.net\/interferences\/#primaryimage\",\"url\":\"https:\/\/old-eoc.dev-app.net\/wp-content\/uploads\/2024\/05\/Design-sans-titre-2.png\",\"contentUrl\":\"https:\/\/old-eoc.dev-app.net\/wp-content\/uploads\/2024\/05\/Design-sans-titre-2.png\",\"width\":1920,\"height\":1069},{\"@type\":\"BreadcrumbList\",\"@id\":\"https:\/\/old-eoc.dev-app.net\/interferences\/#breadcrumb\",\"itemListElement\":[{\"@type\":\"ListItem\",\"position\":1,\"name\":\"Accueil\",\"item\":\"https:\/\/old-eoc.dev-app.net\/en\/\"},{\"@type\":\"ListItem\",\"position\":2,\"name\":\"L&#8217;EOC au festival d&#8217;Avignon avec la FEVIS\"}]},{\"@type\":\"WebSite\",\"@id\":\"https:\/\/old-eoc.dev-app.net\/#website\",\"url\":\"https:\/\/old-eoc.dev-app.net\/\",\"name\":\"Ensemble Orchestral Contemporain\",\"description\":\"Direction Daniel Kawka\",\"publisher\":{\"@id\":\"https:\/\/old-eoc.dev-app.net\/#organization\"},\"potentialAction\":[{\"@type\":\"SearchAction\",\"target\":{\"@type\":\"EntryPoint\",\"urlTemplate\":\"https:\/\/old-eoc.dev-app.net\/?s={search_term_string}\"},\"query-input\":{\"@type\":\"PropertyValueSpecification\",\"valueRequired\":true,\"valueName\":\"search_term_string\"}}],\"inLanguage\":\"en-US\"},{\"@type\":\"Organization\",\"@id\":\"https:\/\/old-eoc.dev-app.net\/#organization\",\"name\":\"Ensemble Orchestral Contemporain\",\"url\":\"https:\/\/old-eoc.dev-app.net\/\",\"logo\":{\"@type\":\"ImageObject\",\"inLanguage\":\"en-US\",\"@id\":\"https:\/\/old-eoc.dev-app.net\/#\/schema\/logo\/image\/\",\"url\":\"https:\/\/old-eoc.dev-app.net\/wp-content\/uploads\/2024\/02\/cropped-admin-ajax2.jpg\",\"contentUrl\":\"https:\/\/old-eoc.dev-app.net\/wp-content\/uploads\/2024\/02\/cropped-admin-ajax2.jpg\",\"width\":148,\"height\":79,\"caption\":\"Ensemble Orchestral Contemporain\"},\"image\":{\"@id\":\"https:\/\/old-eoc.dev-app.net\/#\/schema\/logo\/image\/\"},\"sameAs\":[\"https:\/\/www.youtube.com\/user\/EnsembleEOC\"]},{\"@type\":\"Person\",\"@id\":\"https:\/\/old-eoc.dev-app.net\/#\/schema\/person\/22903e18cfb1940ba9e7a40db29c84f8\",\"name\":\"Am\u00e9lie Finet\",\"image\":{\"@type\":\"ImageObject\",\"inLanguage\":\"en-US\",\"@id\":\"https:\/\/old-eoc.dev-app.net\/#\/schema\/person\/image\/\",\"url\":\"https:\/\/secure.gravatar.com\/avatar\/2e0bfbdf5d8965d17c4d51755bcfc940?s=96&d=mm&r=g\",\"contentUrl\":\"https:\/\/secure.gravatar.com\/avatar\/2e0bfbdf5d8965d17c4d51755bcfc940?s=96&d=mm&r=g\",\"caption\":\"Am\u00e9lie Finet\"},\"url\":\"https:\/\/old-eoc.dev-app.net\/en\/author\/mhermant\/\"}]}<\/script>\n<!-- \/ Yoast SEO plugin. -->","yoast_head_json":{"title":"L'EOC au festival d'Avignon avec la FEVIS - Ensemble Orchestral Contemporain","robots":{"index":"noindex","follow":"follow","max-snippet":"max-snippet:-1","max-image-preview":"max-image-preview:large","max-video-preview":"max-video-preview:-1"},"og_locale":"en_US","og_type":"article","og_title":"L'EOC au festival d'Avignon avec la FEVIS - Ensemble Orchestral Contemporain","og_description":"INTERF\u00c9RENCES est un \u00e9v\u00e9nement musical lanc\u00e9 en 2023 en Avignon au sein du plus grand rendez-vous fran\u00e7ais du spectacle vivant.","og_url":"https:\/\/old-eoc.dev-app.net\/interferences\/","og_site_name":"Ensemble Orchestral Contemporain","article_published_time":"2024-05-21T14:42:20+00:00","article_modified_time":"2024-12-04T11:12:04+00:00","og_image":[{"width":1920,"height":1069,"url":"https:\/\/old-eoc.dev-app.net\/wp-content\/uploads\/2024\/05\/Design-sans-titre-2.png","type":"image\/png"}],"author":"Am\u00e9lie Finet","twitter_card":"summary_large_image","twitter_misc":{"Written by":"Am\u00e9lie Finet","Est. reading time":"1 minute"},"schema":{"@context":"https:\/\/schema.org","@graph":[{"@type":"Article","@id":"https:\/\/old-eoc.dev-app.net\/interferences\/#article","isPartOf":{"@id":"https:\/\/old-eoc.dev-app.net\/interferences\/"},"author":{"name":"Am\u00e9lie Finet","@id":"https:\/\/old-eoc.dev-app.net\/#\/schema\/person\/22903e18cfb1940ba9e7a40db29c84f8"},"headline":"L&#8217;EOC au festival d&#8217;Avignon avec la FEVIS","datePublished":"2024-05-21T14:42:20+00:00","dateModified":"2024-12-04T11:12:04+00:00","mainEntityOfPage":{"@id":"https:\/\/old-eoc.dev-app.net\/interferences\/"},"wordCount":142,"publisher":{"@id":"https:\/\/old-eoc.dev-app.net\/#organization"},"image":{"@id":"https:\/\/old-eoc.dev-app.net\/interferences\/#primaryimage"},"thumbnailUrl":"https:\/\/old-eoc.dev-app.net\/wp-content\/uploads\/2024\/05\/Design-sans-titre-2.png","articleSection":["Actualit\u00e9"],"inLanguage":"en-US"},{"@type":"WebPage","@id":"https:\/\/old-eoc.dev-app.net\/interferences\/","url":"https:\/\/old-eoc.dev-app.net\/interferences\/","name":"L'EOC au festival d'Avignon avec la FEVIS - Ensemble Orchestral Contemporain","isPartOf":{"@id":"https:\/\/old-eoc.dev-app.net\/#website"},"primaryImageOfPage":{"@id":"https:\/\/old-eoc.dev-app.net\/interferences\/#primaryimage"},"image":{"@id":"https:\/\/old-eoc.dev-app.net\/interferences\/#primaryimage"},"thumbnailUrl":"https:\/\/old-eoc.dev-app.net\/wp-content\/uploads\/2024\/05\/Design-sans-titre-2.png","datePublished":"2024-05-21T14:42:20+00:00","dateModified":"2024-12-04T11:12:04+00:00","breadcrumb":{"@id":"https:\/\/old-eoc.dev-app.net\/interferences\/#breadcrumb"},"inLanguage":"en-US","potentialAction":[{"@type":"ReadAction","target":["https:\/\/old-eoc.dev-app.net\/interferences\/"]}]},{"@type":"ImageObject","inLanguage":"en-US","@id":"https:\/\/old-eoc.dev-app.net\/interferences\/#primaryimage","url":"https:\/\/old-eoc.dev-app.net\/wp-content\/uploads\/2024\/05\/Design-sans-titre-2.png","contentUrl":"https:\/\/old-eoc.dev-app.net\/wp-content\/uploads\/2024\/05\/Design-sans-titre-2.png","width":1920,"height":1069},{"@type":"BreadcrumbList","@id":"https:\/\/old-eoc.dev-app.net\/interferences\/#breadcrumb","itemListElement":[{"@type":"ListItem","position":1,"name":"Accueil","item":"https:\/\/old-eoc.dev-app.net\/en\/"},{"@type":"ListItem","position":2,"name":"L&#8217;EOC au festival d&#8217;Avignon avec la FEVIS"}]},{"@type":"WebSite","@id":"https:\/\/old-eoc.dev-app.net\/#website","url":"https:\/\/old-eoc.dev-app.net\/","name":"Ensemble Orchestral Contemporain","description":"Direction Daniel Kawka","publisher":{"@id":"https:\/\/old-eoc.dev-app.net\/#organization"},"potentialAction":[{"@type":"SearchAction","target":{"@type":"EntryPoint","urlTemplate":"https:\/\/old-eoc.dev-app.net\/?s={search_term_string}"},"query-input":{"@type":"PropertyValueSpecification","valueRequired":true,"valueName":"search_term_string"}}],"inLanguage":"en-US"},{"@type":"Organization","@id":"https:\/\/old-eoc.dev-app.net\/#organization","name":"Ensemble Orchestral Contemporain","url":"https:\/\/old-eoc.dev-app.net\/","logo":{"@type":"ImageObject","inLanguage":"en-US","@id":"https:\/\/old-eoc.dev-app.net\/#\/schema\/logo\/image\/","url":"https:\/\/old-eoc.dev-app.net\/wp-content\/uploads\/2024\/02\/cropped-admin-ajax2.jpg","contentUrl":"https:\/\/old-eoc.dev-app.net\/wp-content\/uploads\/2024\/02\/cropped-admin-ajax2.jpg","width":148,"height":79,"caption":"Ensemble Orchestral Contemporain"},"image":{"@id":"https:\/\/old-eoc.dev-app.net\/#\/schema\/logo\/image\/"},"sameAs":["https:\/\/www.youtube.com\/user\/EnsembleEOC"]},{"@type":"Person","@id":"https:\/\/old-eoc.dev-app.net\/#\/schema\/person\/22903e18cfb1940ba9e7a40db29c84f8","name":"Am\u00e9lie Finet","image":{"@type":"ImageObject","inLanguage":"en-US","@id":"https:\/\/old-eoc.dev-app.net\/#\/schema\/person\/image\/","url":"https:\/\/secure.gravatar.com\/avatar\/2e0bfbdf5d8965d17c4d51755bcfc940?s=96&d=mm&r=g","contentUrl":"https:\/\/secure.gravatar.com\/avatar\/2e0bfbdf5d8965d17c4d51755bcfc940?s=96&d=mm&r=g","caption":"Am\u00e9lie Finet"},"url":"https:\/\/old-eoc.dev-app.net\/en\/author\/mhermant\/"}]}},"_links":{"self":[{"href":"https:\/\/old-eoc.dev-app.net\/en\/wp-json\/wp\/v2\/posts\/31673","targetHints":{"allow":["GET"]}}],"collection":[{"href":"https:\/\/old-eoc.dev-app.net\/en\/wp-json\/wp\/v2\/posts"}],"about":[{"href":"https:\/\/old-eoc.dev-app.net\/en\/wp-json\/wp\/v2\/types\/post"}],"author":[{"embeddable":true,"href":"https:\/\/old-eoc.dev-app.net\/en\/wp-json\/wp\/v2\/users\/21"}],"replies":[{"embeddable":true,"href":"https:\/\/old-eoc.dev-app.net\/en\/wp-json\/wp\/v2\/comments?post=31673"}],"version-history":[{"count":0,"href":"https:\/\/old-eoc.dev-app.net\/en\/wp-json\/wp\/v2\/posts\/31673\/revisions"}],"wp:featuredmedia":[{"embeddable":true,"href":"https:\/\/old-eoc.dev-app.net\/en\/wp-json\/wp\/v2\/media\/31680"}],"wp:attachment":[{"href":"https:\/\/old-eoc.dev-app.net\/en\/wp-json\/wp\/v2\/media?parent=31673"}],"wp:term":[{"taxonomy":"category","embeddable":true,"href":"https:\/\/old-eoc.dev-app.net\/en\/wp-json\/wp\/v2\/categories?post=31673"},{"taxonomy":"post_tag","embeddable":true,"href":"https:\/\/old-eoc.dev-app.net\/en\/wp-json\/wp\/v2\/tags?post=31673"}],"curies":[{"name":"wp","href":"https:\/\/api.w.org\/{rel}","templated":true}]}}