{"id":31504,"date":"2024-03-11T14:26:53","date_gmt":"2024-03-11T13:26:53","guid":{"rendered":"https:\/\/old-eoc.dev-app.net\/?p=31504"},"modified":"2024-05-07T15:01:20","modified_gmt":"2024-05-07T13:01:20","slug":"31504","status":"publish","type":"post","link":"https:\/\/old-eoc.dev-app.net\/en\/31504\/","title":{"rendered":"L&#8217;\u00c9toffe in\u00e9puisable du r\u00eave, nouvel op\u00e9ra de chambre de Sophie Lacaze"},"content":{"rendered":"<p>Vid\u00e9o de pr\u00e9sentation pour la cr\u00e9ation de <em>L&#8217;\u00c9toffe ine\u0301puisable du re\u0302ve<\/em> de Sophie Lacaze Op\u00e9ra de chambre en deux actes.<!--more--><\/p>\n<p>Sophie Lacaze d\u00e9voile en cr\u00e9ation mondiale son dernier op\u00e9ra de chambre\u00a0: inspir\u00e9e de la culture des Aborig\u00e8nes et du\u00a0<em>dreamtime<\/em>\u00a0(temps du r\u00eave), sa cr\u00e9ation est une ode \u00e0 la nature et au monde en souffrance qui nous entoure.<\/p>\n<p>Co-commande de l\u2019EOC et du Festival Ars Musica de Bruxelles, avec le soutien du programme d\u2019aide \u00e0 l\u2019\u00e9criture d\u2019une \u0153uvre musicale originale du Minist\u00e8re de la culture.<\/p>\n<p>Co-production EOC, Clermont Auvergne Op\u00e9ra, Compagnie Op\u00e9ra3 et Festival Ars Musica.<\/p>\n<p>Enregistr\u00e9 le vendredi 09 f\u00e9vrier 2024, au P\u00f4le ImagO de C\u00e9bazat, Clermont Auvergne M\u00e9tropole<\/p>\n<p><a href=\"https:\/\/youtu.be\/1pGZ3u01SCI\">Lien vers la vid\u00e9o<\/a><\/p>\n<p><a href=\"https:\/\/old-eoc.dev-app.net\/wp-content\/uploads\/2024\/03\/dossier-etoffe-inepuisable-reve.pdf\">Dossier de production<\/a><\/p>\n","protected":false},"excerpt":{"rendered":"<p>Vid\u00e9o de pr\u00e9sentation pour la cr\u00e9ation de L&#8217;\u00c9toffe ine\u0301puisable du re\u0302ve de Sophie Lacaze Op\u00e9ra de chambre en deux actes.<\/p>\n","protected":false},"author":21,"featured_media":31537,"comment_status":"closed","ping_status":"open","sticky":false,"template":"","format":"standard","meta":{"_acf_changed":false,"footnotes":""},"categories":[1],"tags":[],"class_list":["post-31504","post","type-post","status-publish","format-standard","has-post-thumbnail","hentry","category-actualite"],"acf":[],"yoast_head":"<!-- This site is optimized with the Yoast SEO plugin v24.8.1 - https:\/\/yoast.com\/wordpress\/plugins\/seo\/ -->\n<title>L&#039;\u00c9toffe in\u00e9puisable du r\u00eave, nouvel op\u00e9ra de chambre de Sophie Lacaze - Ensemble Orchestral Contemporain<\/title>\n<meta name=\"robots\" content=\"noindex, follow, max-snippet:-1, max-image-preview:large, max-video-preview:-1\" \/>\n<meta property=\"og:locale\" content=\"en_US\" \/>\n<meta property=\"og:type\" content=\"article\" \/>\n<meta property=\"og:title\" content=\"L&#039;\u00c9toffe in\u00e9puisable du r\u00eave, nouvel op\u00e9ra de chambre de Sophie Lacaze - Ensemble Orchestral Contemporain\" \/>\n<meta property=\"og:description\" content=\"Vid\u00e9o de pr\u00e9sentation pour la cr\u00e9ation de L&#8217;\u00c9toffe ine\u0301puisable du re\u0302ve de Sophie Lacaze Op\u00e9ra de chambre en deux actes.\" \/>\n<meta property=\"og:url\" content=\"https:\/\/old-eoc.dev-app.net\/31504\/\" \/>\n<meta property=\"og:site_name\" content=\"Ensemble Orchestral Contemporain\" \/>\n<meta property=\"article:published_time\" content=\"2024-03-11T13:26:53+00:00\" \/>\n<meta property=\"article:modified_time\" content=\"2024-05-07T13:01:20+00:00\" \/>\n<meta property=\"og:image\" content=\"https:\/\/old-eoc.dev-app.net\/wp-content\/uploads\/2024\/03\/3-scaled.jpg\" \/>\n\t<meta property=\"og:image:width\" content=\"1920\" \/>\n\t<meta property=\"og:image:height\" content=\"1069\" \/>\n\t<meta property=\"og:image:type\" content=\"image\/jpeg\" \/>\n<meta name=\"author\" content=\"Am\u00e9lie Finet\" \/>\n<meta name=\"twitter:card\" content=\"summary_large_image\" \/>\n<meta name=\"twitter:label1\" content=\"Written by\" \/>\n\t<meta name=\"twitter:data1\" content=\"Am\u00e9lie Finet\" \/>\n\t<meta name=\"twitter:label2\" content=\"Est. reading time\" \/>\n\t<meta name=\"twitter:data2\" content=\"1 minute\" \/>\n<script type=\"application\/ld+json\" class=\"yoast-schema-graph\">{\"@context\":\"https:\/\/schema.org\",\"@graph\":[{\"@type\":\"Article\",\"@id\":\"https:\/\/old-eoc.dev-app.net\/31504\/#article\",\"isPartOf\":{\"@id\":\"https:\/\/old-eoc.dev-app.net\/31504\/\"},\"author\":{\"name\":\"Am\u00e9lie Finet\",\"@id\":\"https:\/\/old-eoc.dev-app.net\/#\/schema\/person\/22903e18cfb1940ba9e7a40db29c84f8\"},\"headline\":\"L&#8217;\u00c9toffe in\u00e9puisable du r\u00eave, nouvel op\u00e9ra de chambre de Sophie Lacaze\",\"datePublished\":\"2024-03-11T13:26:53+00:00\",\"dateModified\":\"2024-05-07T13:01:20+00:00\",\"mainEntityOfPage\":{\"@id\":\"https:\/\/old-eoc.dev-app.net\/31504\/\"},\"wordCount\":155,\"publisher\":{\"@id\":\"https:\/\/old-eoc.dev-app.net\/#organization\"},\"image\":{\"@id\":\"https:\/\/old-eoc.dev-app.net\/31504\/#primaryimage\"},\"thumbnailUrl\":\"https:\/\/old-eoc.dev-app.net\/wp-content\/uploads\/2024\/03\/3-scaled.jpg\",\"articleSection\":[\"Actualit\u00e9\"],\"inLanguage\":\"en-US\"},{\"@type\":\"WebPage\",\"@id\":\"https:\/\/old-eoc.dev-app.net\/31504\/\",\"url\":\"https:\/\/old-eoc.dev-app.net\/31504\/\",\"name\":\"L'\u00c9toffe in\u00e9puisable du r\u00eave, nouvel op\u00e9ra de chambre de Sophie Lacaze - Ensemble Orchestral Contemporain\",\"isPartOf\":{\"@id\":\"https:\/\/old-eoc.dev-app.net\/#website\"},\"primaryImageOfPage\":{\"@id\":\"https:\/\/old-eoc.dev-app.net\/31504\/#primaryimage\"},\"image\":{\"@id\":\"https:\/\/old-eoc.dev-app.net\/31504\/#primaryimage\"},\"thumbnailUrl\":\"https:\/\/old-eoc.dev-app.net\/wp-content\/uploads\/2024\/03\/3-scaled.jpg\",\"datePublished\":\"2024-03-11T13:26:53+00:00\",\"dateModified\":\"2024-05-07T13:01:20+00:00\",\"breadcrumb\":{\"@id\":\"https:\/\/old-eoc.dev-app.net\/31504\/#breadcrumb\"},\"inLanguage\":\"en-US\",\"potentialAction\":[{\"@type\":\"ReadAction\",\"target\":[\"https:\/\/old-eoc.dev-app.net\/31504\/\"]}]},{\"@type\":\"ImageObject\",\"inLanguage\":\"en-US\",\"@id\":\"https:\/\/old-eoc.dev-app.net\/31504\/#primaryimage\",\"url\":\"https:\/\/old-eoc.dev-app.net\/wp-content\/uploads\/2024\/03\/3-scaled.jpg\",\"contentUrl\":\"https:\/\/old-eoc.dev-app.net\/wp-content\/uploads\/2024\/03\/3-scaled.jpg\",\"width\":1920,\"height\":1069},{\"@type\":\"BreadcrumbList\",\"@id\":\"https:\/\/old-eoc.dev-app.net\/31504\/#breadcrumb\",\"itemListElement\":[{\"@type\":\"ListItem\",\"position\":1,\"name\":\"Accueil\",\"item\":\"https:\/\/old-eoc.dev-app.net\/en\/\"},{\"@type\":\"ListItem\",\"position\":2,\"name\":\"L&#8217;\u00c9toffe in\u00e9puisable du r\u00eave, nouvel op\u00e9ra de chambre de Sophie Lacaze\"}]},{\"@type\":\"WebSite\",\"@id\":\"https:\/\/old-eoc.dev-app.net\/#website\",\"url\":\"https:\/\/old-eoc.dev-app.net\/\",\"name\":\"Ensemble Orchestral Contemporain\",\"description\":\"Direction Daniel Kawka\",\"publisher\":{\"@id\":\"https:\/\/old-eoc.dev-app.net\/#organization\"},\"potentialAction\":[{\"@type\":\"SearchAction\",\"target\":{\"@type\":\"EntryPoint\",\"urlTemplate\":\"https:\/\/old-eoc.dev-app.net\/?s={search_term_string}\"},\"query-input\":{\"@type\":\"PropertyValueSpecification\",\"valueRequired\":true,\"valueName\":\"search_term_string\"}}],\"inLanguage\":\"en-US\"},{\"@type\":\"Organization\",\"@id\":\"https:\/\/old-eoc.dev-app.net\/#organization\",\"name\":\"Ensemble Orchestral Contemporain\",\"url\":\"https:\/\/old-eoc.dev-app.net\/\",\"logo\":{\"@type\":\"ImageObject\",\"inLanguage\":\"en-US\",\"@id\":\"https:\/\/old-eoc.dev-app.net\/#\/schema\/logo\/image\/\",\"url\":\"https:\/\/old-eoc.dev-app.net\/wp-content\/uploads\/2024\/02\/cropped-admin-ajax2.jpg\",\"contentUrl\":\"https:\/\/old-eoc.dev-app.net\/wp-content\/uploads\/2024\/02\/cropped-admin-ajax2.jpg\",\"width\":148,\"height\":79,\"caption\":\"Ensemble Orchestral Contemporain\"},\"image\":{\"@id\":\"https:\/\/old-eoc.dev-app.net\/#\/schema\/logo\/image\/\"},\"sameAs\":[\"https:\/\/www.youtube.com\/user\/EnsembleEOC\"]},{\"@type\":\"Person\",\"@id\":\"https:\/\/old-eoc.dev-app.net\/#\/schema\/person\/22903e18cfb1940ba9e7a40db29c84f8\",\"name\":\"Am\u00e9lie Finet\",\"image\":{\"@type\":\"ImageObject\",\"inLanguage\":\"en-US\",\"@id\":\"https:\/\/old-eoc.dev-app.net\/#\/schema\/person\/image\/\",\"url\":\"https:\/\/secure.gravatar.com\/avatar\/2e0bfbdf5d8965d17c4d51755bcfc940?s=96&d=mm&r=g\",\"contentUrl\":\"https:\/\/secure.gravatar.com\/avatar\/2e0bfbdf5d8965d17c4d51755bcfc940?s=96&d=mm&r=g\",\"caption\":\"Am\u00e9lie Finet\"},\"url\":\"https:\/\/old-eoc.dev-app.net\/en\/author\/mhermant\/\"}]}<\/script>\n<!-- \/ Yoast SEO plugin. -->","yoast_head_json":{"title":"L'\u00c9toffe in\u00e9puisable du r\u00eave, nouvel op\u00e9ra de chambre de Sophie Lacaze - Ensemble Orchestral Contemporain","robots":{"index":"noindex","follow":"follow","max-snippet":"max-snippet:-1","max-image-preview":"max-image-preview:large","max-video-preview":"max-video-preview:-1"},"og_locale":"en_US","og_type":"article","og_title":"L'\u00c9toffe in\u00e9puisable du r\u00eave, nouvel op\u00e9ra de chambre de Sophie Lacaze - Ensemble Orchestral Contemporain","og_description":"Vid\u00e9o de pr\u00e9sentation pour la cr\u00e9ation de L&#8217;\u00c9toffe ine\u0301puisable du re\u0302ve de Sophie Lacaze Op\u00e9ra de chambre en deux actes.","og_url":"https:\/\/old-eoc.dev-app.net\/31504\/","og_site_name":"Ensemble Orchestral Contemporain","article_published_time":"2024-03-11T13:26:53+00:00","article_modified_time":"2024-05-07T13:01:20+00:00","og_image":[{"width":1920,"height":1069,"url":"https:\/\/old-eoc.dev-app.net\/wp-content\/uploads\/2024\/03\/3-scaled.jpg","type":"image\/jpeg"}],"author":"Am\u00e9lie Finet","twitter_card":"summary_large_image","twitter_misc":{"Written by":"Am\u00e9lie Finet","Est. reading time":"1 minute"},"schema":{"@context":"https:\/\/schema.org","@graph":[{"@type":"Article","@id":"https:\/\/old-eoc.dev-app.net\/31504\/#article","isPartOf":{"@id":"https:\/\/old-eoc.dev-app.net\/31504\/"},"author":{"name":"Am\u00e9lie Finet","@id":"https:\/\/old-eoc.dev-app.net\/#\/schema\/person\/22903e18cfb1940ba9e7a40db29c84f8"},"headline":"L&#8217;\u00c9toffe in\u00e9puisable du r\u00eave, nouvel op\u00e9ra de chambre de Sophie Lacaze","datePublished":"2024-03-11T13:26:53+00:00","dateModified":"2024-05-07T13:01:20+00:00","mainEntityOfPage":{"@id":"https:\/\/old-eoc.dev-app.net\/31504\/"},"wordCount":155,"publisher":{"@id":"https:\/\/old-eoc.dev-app.net\/#organization"},"image":{"@id":"https:\/\/old-eoc.dev-app.net\/31504\/#primaryimage"},"thumbnailUrl":"https:\/\/old-eoc.dev-app.net\/wp-content\/uploads\/2024\/03\/3-scaled.jpg","articleSection":["Actualit\u00e9"],"inLanguage":"en-US"},{"@type":"WebPage","@id":"https:\/\/old-eoc.dev-app.net\/31504\/","url":"https:\/\/old-eoc.dev-app.net\/31504\/","name":"L'\u00c9toffe in\u00e9puisable du r\u00eave, nouvel op\u00e9ra de chambre de Sophie Lacaze - Ensemble Orchestral Contemporain","isPartOf":{"@id":"https:\/\/old-eoc.dev-app.net\/#website"},"primaryImageOfPage":{"@id":"https:\/\/old-eoc.dev-app.net\/31504\/#primaryimage"},"image":{"@id":"https:\/\/old-eoc.dev-app.net\/31504\/#primaryimage"},"thumbnailUrl":"https:\/\/old-eoc.dev-app.net\/wp-content\/uploads\/2024\/03\/3-scaled.jpg","datePublished":"2024-03-11T13:26:53+00:00","dateModified":"2024-05-07T13:01:20+00:00","breadcrumb":{"@id":"https:\/\/old-eoc.dev-app.net\/31504\/#breadcrumb"},"inLanguage":"en-US","potentialAction":[{"@type":"ReadAction","target":["https:\/\/old-eoc.dev-app.net\/31504\/"]}]},{"@type":"ImageObject","inLanguage":"en-US","@id":"https:\/\/old-eoc.dev-app.net\/31504\/#primaryimage","url":"https:\/\/old-eoc.dev-app.net\/wp-content\/uploads\/2024\/03\/3-scaled.jpg","contentUrl":"https:\/\/old-eoc.dev-app.net\/wp-content\/uploads\/2024\/03\/3-scaled.jpg","width":1920,"height":1069},{"@type":"BreadcrumbList","@id":"https:\/\/old-eoc.dev-app.net\/31504\/#breadcrumb","itemListElement":[{"@type":"ListItem","position":1,"name":"Accueil","item":"https:\/\/old-eoc.dev-app.net\/en\/"},{"@type":"ListItem","position":2,"name":"L&#8217;\u00c9toffe in\u00e9puisable du r\u00eave, nouvel op\u00e9ra de chambre de Sophie Lacaze"}]},{"@type":"WebSite","@id":"https:\/\/old-eoc.dev-app.net\/#website","url":"https:\/\/old-eoc.dev-app.net\/","name":"Ensemble Orchestral Contemporain","description":"Direction Daniel Kawka","publisher":{"@id":"https:\/\/old-eoc.dev-app.net\/#organization"},"potentialAction":[{"@type":"SearchAction","target":{"@type":"EntryPoint","urlTemplate":"https:\/\/old-eoc.dev-app.net\/?s={search_term_string}"},"query-input":{"@type":"PropertyValueSpecification","valueRequired":true,"valueName":"search_term_string"}}],"inLanguage":"en-US"},{"@type":"Organization","@id":"https:\/\/old-eoc.dev-app.net\/#organization","name":"Ensemble Orchestral Contemporain","url":"https:\/\/old-eoc.dev-app.net\/","logo":{"@type":"ImageObject","inLanguage":"en-US","@id":"https:\/\/old-eoc.dev-app.net\/#\/schema\/logo\/image\/","url":"https:\/\/old-eoc.dev-app.net\/wp-content\/uploads\/2024\/02\/cropped-admin-ajax2.jpg","contentUrl":"https:\/\/old-eoc.dev-app.net\/wp-content\/uploads\/2024\/02\/cropped-admin-ajax2.jpg","width":148,"height":79,"caption":"Ensemble Orchestral Contemporain"},"image":{"@id":"https:\/\/old-eoc.dev-app.net\/#\/schema\/logo\/image\/"},"sameAs":["https:\/\/www.youtube.com\/user\/EnsembleEOC"]},{"@type":"Person","@id":"https:\/\/old-eoc.dev-app.net\/#\/schema\/person\/22903e18cfb1940ba9e7a40db29c84f8","name":"Am\u00e9lie Finet","image":{"@type":"ImageObject","inLanguage":"en-US","@id":"https:\/\/old-eoc.dev-app.net\/#\/schema\/person\/image\/","url":"https:\/\/secure.gravatar.com\/avatar\/2e0bfbdf5d8965d17c4d51755bcfc940?s=96&d=mm&r=g","contentUrl":"https:\/\/secure.gravatar.com\/avatar\/2e0bfbdf5d8965d17c4d51755bcfc940?s=96&d=mm&r=g","caption":"Am\u00e9lie Finet"},"url":"https:\/\/old-eoc.dev-app.net\/en\/author\/mhermant\/"}]}},"_links":{"self":[{"href":"https:\/\/old-eoc.dev-app.net\/en\/wp-json\/wp\/v2\/posts\/31504","targetHints":{"allow":["GET"]}}],"collection":[{"href":"https:\/\/old-eoc.dev-app.net\/en\/wp-json\/wp\/v2\/posts"}],"about":[{"href":"https:\/\/old-eoc.dev-app.net\/en\/wp-json\/wp\/v2\/types\/post"}],"author":[{"embeddable":true,"href":"https:\/\/old-eoc.dev-app.net\/en\/wp-json\/wp\/v2\/users\/21"}],"replies":[{"embeddable":true,"href":"https:\/\/old-eoc.dev-app.net\/en\/wp-json\/wp\/v2\/comments?post=31504"}],"version-history":[{"count":0,"href":"https:\/\/old-eoc.dev-app.net\/en\/wp-json\/wp\/v2\/posts\/31504\/revisions"}],"wp:featuredmedia":[{"embeddable":true,"href":"https:\/\/old-eoc.dev-app.net\/en\/wp-json\/wp\/v2\/media\/31537"}],"wp:attachment":[{"href":"https:\/\/old-eoc.dev-app.net\/en\/wp-json\/wp\/v2\/media?parent=31504"}],"wp:term":[{"taxonomy":"category","embeddable":true,"href":"https:\/\/old-eoc.dev-app.net\/en\/wp-json\/wp\/v2\/categories?post=31504"},{"taxonomy":"post_tag","embeddable":true,"href":"https:\/\/old-eoc.dev-app.net\/en\/wp-json\/wp\/v2\/tags?post=31504"}],"curies":[{"name":"wp","href":"https:\/\/api.w.org\/{rel}","templated":true}]}}