{"id":31024,"date":"2024-01-22T11:03:39","date_gmt":"2024-01-22T10:03:39","guid":{"rendered":"https:\/\/old-eoc.dev-app.net\/?p=31024"},"modified":"2024-05-15T12:15:33","modified_gmt":"2024-05-15T10:15:33","slug":"charte-environnementale-et-ecologique","status":"publish","type":"post","link":"https:\/\/old-eoc.dev-app.net\/en\/charte-environnementale-et-ecologique\/","title":{"rendered":"L&#8217;EOC et Canticum Novum signent leur charte environnementale et \u00e9cologique"},"content":{"rendered":"<p class=\"p1\">Une proposition \u00e9volutive des Ensembles en r\u00e9sidence \u00e0 l\u2019Op\u00e9ra de la ville de Saint-\u00c9tienne<!--more--><\/p>\n<p>Face aux enjeux soci\u00e9taux et environnementaux, l\u2019EOC et Canticum Novum proposent une dynamique solidaire pour permettre le partage de solutions. Conscients que le spectacle vivant a\u00a0 un r\u00f4le majeur \u00e0 jouer, l\u2019EOC et Canticum Novum ont d\u00e9cid\u00e9 d\u00e8s 2023 de se structurer pour agir concr\u00e8tement et durablement.<\/p>\n<p>Voici donc la charte que nous avons sign\u00e9 conjointement :<\/p>\n<a href=\"https:\/\/old-eoc.dev-app.net\/wp-content\/uploads\/2024\/01\/CHARTE-ECO-EO-CN-2023-Signe\u0301e.pdf\" class=\"pdfemb-viewer\" style=\"\" data-width=\"max\" data-height=\"max\" data-toolbar=\"bottom\" data-toolbar-fixed=\"off\">CHARTE ECO EO CN 2023 Signe\u0301e<\/a>\n","protected":false},"excerpt":{"rendered":"<p>Une proposition \u00e9volutive des Ensembles en r\u00e9sidence \u00e0 l\u2019Op\u00e9ra de la ville de Saint-\u00c9tienne<\/p>\n","protected":false},"author":21,"featured_media":31653,"comment_status":"closed","ping_status":"open","sticky":false,"template":"","format":"standard","meta":{"_acf_changed":false,"footnotes":""},"categories":[1],"tags":[],"class_list":["post-31024","post","type-post","status-publish","format-standard","has-post-thumbnail","hentry","category-actualite"],"acf":[],"yoast_head":"<!-- This site is optimized with the Yoast SEO plugin v24.8.1 - https:\/\/yoast.com\/wordpress\/plugins\/seo\/ -->\n<title>L&#039;EOC et Canticum Novum signent leur charte environnementale et \u00e9cologique - Ensemble Orchestral Contemporain<\/title>\n<meta name=\"robots\" content=\"noindex, follow, max-snippet:-1, max-image-preview:large, max-video-preview:-1\" \/>\n<meta property=\"og:locale\" content=\"en_US\" \/>\n<meta property=\"og:type\" content=\"article\" \/>\n<meta property=\"og:title\" content=\"L&#039;EOC et Canticum Novum signent leur charte environnementale et \u00e9cologique - Ensemble Orchestral Contemporain\" \/>\n<meta property=\"og:description\" content=\"Une proposition \u00e9volutive des Ensembles en r\u00e9sidence \u00e0 l\u2019Op\u00e9ra de la ville de Saint-\u00c9tienne\" \/>\n<meta property=\"og:url\" content=\"https:\/\/old-eoc.dev-app.net\/charte-environnementale-et-ecologique\/\" \/>\n<meta property=\"og:site_name\" content=\"Ensemble Orchestral Contemporain\" \/>\n<meta property=\"article:published_time\" content=\"2024-01-22T10:03:39+00:00\" \/>\n<meta property=\"article:modified_time\" content=\"2024-05-15T10:15:33+00:00\" \/>\n<meta property=\"og:image\" content=\"https:\/\/old-eoc.dev-app.net\/wp-content\/uploads\/2024\/01\/Design-sans-titre-4-e1715768104333-1280x827.png\" \/>\n\t<meta property=\"og:image:width\" content=\"1280\" \/>\n\t<meta property=\"og:image:height\" content=\"827\" \/>\n\t<meta property=\"og:image:type\" content=\"image\/png\" \/>\n<meta name=\"author\" content=\"Am\u00e9lie Finet\" \/>\n<meta name=\"twitter:card\" content=\"summary_large_image\" \/>\n<meta name=\"twitter:label1\" content=\"Written by\" \/>\n\t<meta name=\"twitter:data1\" content=\"Am\u00e9lie Finet\" \/>\n\t<meta name=\"twitter:label2\" content=\"Est. reading time\" \/>\n\t<meta name=\"twitter:data2\" content=\"1 minute\" \/>\n<script type=\"application\/ld+json\" class=\"yoast-schema-graph\">{\"@context\":\"https:\/\/schema.org\",\"@graph\":[{\"@type\":\"Article\",\"@id\":\"https:\/\/old-eoc.dev-app.net\/charte-environnementale-et-ecologique\/#article\",\"isPartOf\":{\"@id\":\"https:\/\/old-eoc.dev-app.net\/charte-environnementale-et-ecologique\/\"},\"author\":{\"name\":\"Am\u00e9lie Finet\",\"@id\":\"https:\/\/old-eoc.dev-app.net\/#\/schema\/person\/22903e18cfb1940ba9e7a40db29c84f8\"},\"headline\":\"L&#8217;EOC et Canticum Novum signent leur charte environnementale et \u00e9cologique\",\"datePublished\":\"2024-01-22T10:03:39+00:00\",\"dateModified\":\"2024-05-15T10:15:33+00:00\",\"mainEntityOfPage\":{\"@id\":\"https:\/\/old-eoc.dev-app.net\/charte-environnementale-et-ecologique\/\"},\"wordCount\":108,\"publisher\":{\"@id\":\"https:\/\/old-eoc.dev-app.net\/#organization\"},\"image\":{\"@id\":\"https:\/\/old-eoc.dev-app.net\/charte-environnementale-et-ecologique\/#primaryimage\"},\"thumbnailUrl\":\"https:\/\/old-eoc.dev-app.net\/wp-content\/uploads\/2024\/01\/Design-sans-titre-4-e1715768104333.png\",\"articleSection\":[\"Actualit\u00e9\"],\"inLanguage\":\"en-US\"},{\"@type\":\"WebPage\",\"@id\":\"https:\/\/old-eoc.dev-app.net\/charte-environnementale-et-ecologique\/\",\"url\":\"https:\/\/old-eoc.dev-app.net\/charte-environnementale-et-ecologique\/\",\"name\":\"L'EOC et Canticum Novum signent leur charte environnementale et \u00e9cologique - Ensemble Orchestral Contemporain\",\"isPartOf\":{\"@id\":\"https:\/\/old-eoc.dev-app.net\/#website\"},\"primaryImageOfPage\":{\"@id\":\"https:\/\/old-eoc.dev-app.net\/charte-environnementale-et-ecologique\/#primaryimage\"},\"image\":{\"@id\":\"https:\/\/old-eoc.dev-app.net\/charte-environnementale-et-ecologique\/#primaryimage\"},\"thumbnailUrl\":\"https:\/\/old-eoc.dev-app.net\/wp-content\/uploads\/2024\/01\/Design-sans-titre-4-e1715768104333.png\",\"datePublished\":\"2024-01-22T10:03:39+00:00\",\"dateModified\":\"2024-05-15T10:15:33+00:00\",\"breadcrumb\":{\"@id\":\"https:\/\/old-eoc.dev-app.net\/charte-environnementale-et-ecologique\/#breadcrumb\"},\"inLanguage\":\"en-US\",\"potentialAction\":[{\"@type\":\"ReadAction\",\"target\":[\"https:\/\/old-eoc.dev-app.net\/charte-environnementale-et-ecologique\/\"]}]},{\"@type\":\"ImageObject\",\"inLanguage\":\"en-US\",\"@id\":\"https:\/\/old-eoc.dev-app.net\/charte-environnementale-et-ecologique\/#primaryimage\",\"url\":\"https:\/\/old-eoc.dev-app.net\/wp-content\/uploads\/2024\/01\/Design-sans-titre-4-e1715768104333.png\",\"contentUrl\":\"https:\/\/old-eoc.dev-app.net\/wp-content\/uploads\/2024\/01\/Design-sans-titre-4-e1715768104333.png\",\"width\":1654,\"height\":1069},{\"@type\":\"BreadcrumbList\",\"@id\":\"https:\/\/old-eoc.dev-app.net\/charte-environnementale-et-ecologique\/#breadcrumb\",\"itemListElement\":[{\"@type\":\"ListItem\",\"position\":1,\"name\":\"Accueil\",\"item\":\"https:\/\/old-eoc.dev-app.net\/en\/\"},{\"@type\":\"ListItem\",\"position\":2,\"name\":\"L&#8217;EOC et Canticum Novum signent leur charte environnementale et \u00e9cologique\"}]},{\"@type\":\"WebSite\",\"@id\":\"https:\/\/old-eoc.dev-app.net\/#website\",\"url\":\"https:\/\/old-eoc.dev-app.net\/\",\"name\":\"Ensemble Orchestral Contemporain\",\"description\":\"Direction Daniel Kawka\",\"publisher\":{\"@id\":\"https:\/\/old-eoc.dev-app.net\/#organization\"},\"potentialAction\":[{\"@type\":\"SearchAction\",\"target\":{\"@type\":\"EntryPoint\",\"urlTemplate\":\"https:\/\/old-eoc.dev-app.net\/?s={search_term_string}\"},\"query-input\":{\"@type\":\"PropertyValueSpecification\",\"valueRequired\":true,\"valueName\":\"search_term_string\"}}],\"inLanguage\":\"en-US\"},{\"@type\":\"Organization\",\"@id\":\"https:\/\/old-eoc.dev-app.net\/#organization\",\"name\":\"Ensemble Orchestral Contemporain\",\"url\":\"https:\/\/old-eoc.dev-app.net\/\",\"logo\":{\"@type\":\"ImageObject\",\"inLanguage\":\"en-US\",\"@id\":\"https:\/\/old-eoc.dev-app.net\/#\/schema\/logo\/image\/\",\"url\":\"https:\/\/old-eoc.dev-app.net\/wp-content\/uploads\/2024\/02\/cropped-admin-ajax2.jpg\",\"contentUrl\":\"https:\/\/old-eoc.dev-app.net\/wp-content\/uploads\/2024\/02\/cropped-admin-ajax2.jpg\",\"width\":148,\"height\":79,\"caption\":\"Ensemble Orchestral Contemporain\"},\"image\":{\"@id\":\"https:\/\/old-eoc.dev-app.net\/#\/schema\/logo\/image\/\"},\"sameAs\":[\"https:\/\/www.youtube.com\/user\/EnsembleEOC\"]},{\"@type\":\"Person\",\"@id\":\"https:\/\/old-eoc.dev-app.net\/#\/schema\/person\/22903e18cfb1940ba9e7a40db29c84f8\",\"name\":\"Am\u00e9lie Finet\",\"image\":{\"@type\":\"ImageObject\",\"inLanguage\":\"en-US\",\"@id\":\"https:\/\/old-eoc.dev-app.net\/#\/schema\/person\/image\/\",\"url\":\"https:\/\/secure.gravatar.com\/avatar\/2e0bfbdf5d8965d17c4d51755bcfc940?s=96&d=mm&r=g\",\"contentUrl\":\"https:\/\/secure.gravatar.com\/avatar\/2e0bfbdf5d8965d17c4d51755bcfc940?s=96&d=mm&r=g\",\"caption\":\"Am\u00e9lie Finet\"},\"url\":\"https:\/\/old-eoc.dev-app.net\/en\/author\/mhermant\/\"}]}<\/script>\n<!-- \/ Yoast SEO plugin. -->","yoast_head_json":{"title":"L'EOC et Canticum Novum signent leur charte environnementale et \u00e9cologique - Ensemble Orchestral Contemporain","robots":{"index":"noindex","follow":"follow","max-snippet":"max-snippet:-1","max-image-preview":"max-image-preview:large","max-video-preview":"max-video-preview:-1"},"og_locale":"en_US","og_type":"article","og_title":"L'EOC et Canticum Novum signent leur charte environnementale et \u00e9cologique - Ensemble Orchestral Contemporain","og_description":"Une proposition \u00e9volutive des Ensembles en r\u00e9sidence \u00e0 l\u2019Op\u00e9ra de la ville de Saint-\u00c9tienne","og_url":"https:\/\/old-eoc.dev-app.net\/charte-environnementale-et-ecologique\/","og_site_name":"Ensemble Orchestral Contemporain","article_published_time":"2024-01-22T10:03:39+00:00","article_modified_time":"2024-05-15T10:15:33+00:00","og_image":[{"width":1280,"height":827,"url":"https:\/\/old-eoc.dev-app.net\/wp-content\/uploads\/2024\/01\/Design-sans-titre-4-e1715768104333-1280x827.png","type":"image\/png"}],"author":"Am\u00e9lie Finet","twitter_card":"summary_large_image","twitter_misc":{"Written by":"Am\u00e9lie Finet","Est. reading time":"1 minute"},"schema":{"@context":"https:\/\/schema.org","@graph":[{"@type":"Article","@id":"https:\/\/old-eoc.dev-app.net\/charte-environnementale-et-ecologique\/#article","isPartOf":{"@id":"https:\/\/old-eoc.dev-app.net\/charte-environnementale-et-ecologique\/"},"author":{"name":"Am\u00e9lie Finet","@id":"https:\/\/old-eoc.dev-app.net\/#\/schema\/person\/22903e18cfb1940ba9e7a40db29c84f8"},"headline":"L&#8217;EOC et Canticum Novum signent leur charte environnementale et \u00e9cologique","datePublished":"2024-01-22T10:03:39+00:00","dateModified":"2024-05-15T10:15:33+00:00","mainEntityOfPage":{"@id":"https:\/\/old-eoc.dev-app.net\/charte-environnementale-et-ecologique\/"},"wordCount":108,"publisher":{"@id":"https:\/\/old-eoc.dev-app.net\/#organization"},"image":{"@id":"https:\/\/old-eoc.dev-app.net\/charte-environnementale-et-ecologique\/#primaryimage"},"thumbnailUrl":"https:\/\/old-eoc.dev-app.net\/wp-content\/uploads\/2024\/01\/Design-sans-titre-4-e1715768104333.png","articleSection":["Actualit\u00e9"],"inLanguage":"en-US"},{"@type":"WebPage","@id":"https:\/\/old-eoc.dev-app.net\/charte-environnementale-et-ecologique\/","url":"https:\/\/old-eoc.dev-app.net\/charte-environnementale-et-ecologique\/","name":"L'EOC et Canticum Novum signent leur charte environnementale et \u00e9cologique - Ensemble Orchestral Contemporain","isPartOf":{"@id":"https:\/\/old-eoc.dev-app.net\/#website"},"primaryImageOfPage":{"@id":"https:\/\/old-eoc.dev-app.net\/charte-environnementale-et-ecologique\/#primaryimage"},"image":{"@id":"https:\/\/old-eoc.dev-app.net\/charte-environnementale-et-ecologique\/#primaryimage"},"thumbnailUrl":"https:\/\/old-eoc.dev-app.net\/wp-content\/uploads\/2024\/01\/Design-sans-titre-4-e1715768104333.png","datePublished":"2024-01-22T10:03:39+00:00","dateModified":"2024-05-15T10:15:33+00:00","breadcrumb":{"@id":"https:\/\/old-eoc.dev-app.net\/charte-environnementale-et-ecologique\/#breadcrumb"},"inLanguage":"en-US","potentialAction":[{"@type":"ReadAction","target":["https:\/\/old-eoc.dev-app.net\/charte-environnementale-et-ecologique\/"]}]},{"@type":"ImageObject","inLanguage":"en-US","@id":"https:\/\/old-eoc.dev-app.net\/charte-environnementale-et-ecologique\/#primaryimage","url":"https:\/\/old-eoc.dev-app.net\/wp-content\/uploads\/2024\/01\/Design-sans-titre-4-e1715768104333.png","contentUrl":"https:\/\/old-eoc.dev-app.net\/wp-content\/uploads\/2024\/01\/Design-sans-titre-4-e1715768104333.png","width":1654,"height":1069},{"@type":"BreadcrumbList","@id":"https:\/\/old-eoc.dev-app.net\/charte-environnementale-et-ecologique\/#breadcrumb","itemListElement":[{"@type":"ListItem","position":1,"name":"Accueil","item":"https:\/\/old-eoc.dev-app.net\/en\/"},{"@type":"ListItem","position":2,"name":"L&#8217;EOC et Canticum Novum signent leur charte environnementale et \u00e9cologique"}]},{"@type":"WebSite","@id":"https:\/\/old-eoc.dev-app.net\/#website","url":"https:\/\/old-eoc.dev-app.net\/","name":"Ensemble Orchestral Contemporain","description":"Direction Daniel Kawka","publisher":{"@id":"https:\/\/old-eoc.dev-app.net\/#organization"},"potentialAction":[{"@type":"SearchAction","target":{"@type":"EntryPoint","urlTemplate":"https:\/\/old-eoc.dev-app.net\/?s={search_term_string}"},"query-input":{"@type":"PropertyValueSpecification","valueRequired":true,"valueName":"search_term_string"}}],"inLanguage":"en-US"},{"@type":"Organization","@id":"https:\/\/old-eoc.dev-app.net\/#organization","name":"Ensemble Orchestral Contemporain","url":"https:\/\/old-eoc.dev-app.net\/","logo":{"@type":"ImageObject","inLanguage":"en-US","@id":"https:\/\/old-eoc.dev-app.net\/#\/schema\/logo\/image\/","url":"https:\/\/old-eoc.dev-app.net\/wp-content\/uploads\/2024\/02\/cropped-admin-ajax2.jpg","contentUrl":"https:\/\/old-eoc.dev-app.net\/wp-content\/uploads\/2024\/02\/cropped-admin-ajax2.jpg","width":148,"height":79,"caption":"Ensemble Orchestral Contemporain"},"image":{"@id":"https:\/\/old-eoc.dev-app.net\/#\/schema\/logo\/image\/"},"sameAs":["https:\/\/www.youtube.com\/user\/EnsembleEOC"]},{"@type":"Person","@id":"https:\/\/old-eoc.dev-app.net\/#\/schema\/person\/22903e18cfb1940ba9e7a40db29c84f8","name":"Am\u00e9lie Finet","image":{"@type":"ImageObject","inLanguage":"en-US","@id":"https:\/\/old-eoc.dev-app.net\/#\/schema\/person\/image\/","url":"https:\/\/secure.gravatar.com\/avatar\/2e0bfbdf5d8965d17c4d51755bcfc940?s=96&d=mm&r=g","contentUrl":"https:\/\/secure.gravatar.com\/avatar\/2e0bfbdf5d8965d17c4d51755bcfc940?s=96&d=mm&r=g","caption":"Am\u00e9lie Finet"},"url":"https:\/\/old-eoc.dev-app.net\/en\/author\/mhermant\/"}]}},"_links":{"self":[{"href":"https:\/\/old-eoc.dev-app.net\/en\/wp-json\/wp\/v2\/posts\/31024","targetHints":{"allow":["GET"]}}],"collection":[{"href":"https:\/\/old-eoc.dev-app.net\/en\/wp-json\/wp\/v2\/posts"}],"about":[{"href":"https:\/\/old-eoc.dev-app.net\/en\/wp-json\/wp\/v2\/types\/post"}],"author":[{"embeddable":true,"href":"https:\/\/old-eoc.dev-app.net\/en\/wp-json\/wp\/v2\/users\/21"}],"replies":[{"embeddable":true,"href":"https:\/\/old-eoc.dev-app.net\/en\/wp-json\/wp\/v2\/comments?post=31024"}],"version-history":[{"count":0,"href":"https:\/\/old-eoc.dev-app.net\/en\/wp-json\/wp\/v2\/posts\/31024\/revisions"}],"wp:featuredmedia":[{"embeddable":true,"href":"https:\/\/old-eoc.dev-app.net\/en\/wp-json\/wp\/v2\/media\/31653"}],"wp:attachment":[{"href":"https:\/\/old-eoc.dev-app.net\/en\/wp-json\/wp\/v2\/media?parent=31024"}],"wp:term":[{"taxonomy":"category","embeddable":true,"href":"https:\/\/old-eoc.dev-app.net\/en\/wp-json\/wp\/v2\/categories?post=31024"},{"taxonomy":"post_tag","embeddable":true,"href":"https:\/\/old-eoc.dev-app.net\/en\/wp-json\/wp\/v2\/tags?post=31024"}],"curies":[{"name":"wp","href":"https:\/\/api.w.org\/{rel}","templated":true}]}}