{"id":27815,"date":"2023-03-08T01:00:51","date_gmt":"2023-03-08T00:00:51","guid":{"rendered":"https:\/\/old-eoc.dev-app.net\/?p=27815"},"modified":"2025-03-03T15:15:44","modified_gmt":"2025-03-03T14:15:44","slug":"disque-waves","status":"publish","type":"post","link":"https:\/\/old-eoc.dev-app.net\/en\/disque-waves\/","title":{"rendered":"Nouvelle r\u00e9compense pour le disque WAVES"},"content":{"rendered":"<p class=\"p2\">Coup de coeur 2023 de l&#8217;acad\u00e9mie Charles Cros pour le disque WAVES d&#8217;Edith Canat de Chizy.<!--more--><\/p>\n<p><img loading=\"lazy\" decoding=\"async\" class=\"aligncenter size-medium wp-image-31493\" src=\"https:\/\/old-eoc.dev-app.net\/wp-content\/uploads\/2023\/03\/Capture-de\u0301cran-2024-03-05-a\u0300-09.17.30-768x356.png\" alt=\"\" width=\"768\" height=\"356\" srcset=\"https:\/\/old-eoc.dev-app.net\/wp-content\/uploads\/2023\/03\/Capture-de\u0301cran-2024-03-05-a\u0300-09.17.30-768x356.png 768w, https:\/\/old-eoc.dev-app.net\/wp-content\/uploads\/2023\/03\/Capture-de\u0301cran-2024-03-05-a\u0300-09.17.30-1280x593.png 1280w, https:\/\/old-eoc.dev-app.net\/wp-content\/uploads\/2023\/03\/Capture-de\u0301cran-2024-03-05-a\u0300-09.17.30-480x223.png 480w, https:\/\/old-eoc.dev-app.net\/wp-content\/uploads\/2023\/03\/Capture-de\u0301cran-2024-03-05-a\u0300-09.17.30-1536x712.png 1536w, https:\/\/old-eoc.dev-app.net\/wp-content\/uploads\/2023\/03\/Capture-de\u0301cran-2024-03-05-a\u0300-09.17.30-2048x950.png 2048w, https:\/\/old-eoc.dev-app.net\/wp-content\/uploads\/2023\/03\/Capture-de\u0301cran-2024-03-05-a\u0300-09.17.30.png 1920w\" sizes=\"auto, (max-width: 768px) 100vw, 768px\" \/><\/p>\n<p><a href=\"http:\/\/charlescros.org\/Selection-musique-contemporaine-2023\">Lien vers la proclamation des r\u00e9sultats <\/a><\/p>\n<div class=\"xdj266r x11i5rnm xat24cr x1mh8g0r x1vvkbs x126k92a\">\n<div dir=\"auto\"><span class=\"x3nfvp2 x1j61x8r x1fcty0u xdj266r xhhsvwb xat24cr xgzva0m xxymvpz xlup9mm x1kky2od\"><img loading=\"lazy\" decoding=\"async\" class=\"xz74otr\" src=\"https:\/\/static.xx.fbcdn.net\/images\/emoji.php\/v9\/ta7\/2\/16\/1f4fb.png\" alt=\"\ud83d\udcfb\" width=\"16\" height=\"16\" \/><\/span> \u00e0 (re)voir et (r\u00e9)\u00e9couter \u2014<\/div>\n<div dir=\"auto\">&#8220;Le Concert du soir&#8221;, Arnaud Merlin @ Radio France<\/div>\n<div dir=\"auto\">A la suite du 5e concert Pr\u00e9sences 2024, Arnaud Merlin re\u00e7oit Omer Corlaix pour pr\u00e9senter le palmar\u00e8s \u00ab musique contemporaine \u00bb de l\u2019Acad\u00e9mie Charles-Cros ; avec notamment au programme l\u2019album Waves d\u2019Edith Canat de Chizy et Complete works for piano solo d\u2019Hugues Dufourt.<\/div>\n<\/div>\n<div class=\"x11i5rnm xat24cr x1mh8g0r x1vvkbs xtlvy1s x126k92a\">\n<div dir=\"auto\">\u2192 L&#8217;\u00e9mission compl\u00e8te : <a class=\"x1i10hfl xjbqb8w x1ejq31n xd10rxx x1sy0etr x17r0tee x972fbf xcfux6l x1qhh985 xm0m39n x9f619 x1ypdohk xt0psk2 xe8uvvx xdj266r x11i5rnm xat24cr x1mh8g0r xexx8yu x4uap5 x18d9i69 xkhd6sd x16tdsg8 x1hl2dhg xggy1nq x1a2a7pz xt0b8zv x1fey0fg\" tabindex=\"0\" role=\"link\" href=\"https:\/\/tinyurl.com\/coups-de-coeur-charles-cros?fbclid=IwAR3XN7ee_E_ePSJY0aom2k-7yqlMmk-rr_vrbNwxj4aeUaA-XG9_x2QJvjo_aem_AeruVqybAc72sLQ7_VIVW7wipO5oK_svL2992zhRgomx7oud_ZogjnYcIepVuKGw1zC_WqgeEUzWr--JqkmDtQyn\" target=\"_blank\" rel=\"nofollow noopener noreferrer\">https:\/\/tinyurl.com\/coups-de-coeur-charles-cros<\/a><\/div>\n<\/div>\n<p>&#8212;&#8212;&#8212;&#8212;&#8212;&#8212;&#8212;&#8212;&#8212;&#8212;&#8212;&#8212;&#8212;&#8212;&#8212;&#8212;&#8212;&#8212;&#8212;&#8212;&#8212;&#8212;&#8212;&#8212;&#8212;&#8212;&#8212;&#8212;&#8212;&#8212;&#8212;&#8212;&#8212;&#8212;&#8212;&#8212;&#8212;&#8211;<\/p>\n<p>En janvier 2020, Bruno Mantovani prenait la direction artistique et musicale de l\u2019Ensemble Orchestral Contemporain et lan\u00e7ait d\u2019embl\u00e9e le principe de l\u2019invitation donn\u00e9e \u00e0 un.e compositeur.trice sur deux saisons musicales.<\/p>\n<p class=\"p2\">Pour la premi\u00e8re \u00e9dition de ces r\u00e9sidences de compositeur.trice, l\u2019invitation fut donn\u00e9e \u00e0 \u00c9dith Canat de Chizy. En favorisant une collaboration artistique inscrite dans la dur\u00e9e, ce travail en pr\u00e9sence de la compositrice a permis de valoriser un r\u00e9pertoire de cr\u00e9ation tout en approfondissant le langage musical d\u2019\u00c9dith Canat de Chizy.<span class=\"Apple-converted-space\">\u00a0<\/span><\/p>\n<p class=\"p2\">De cette synergie cr\u00e9atrice naitront deux pi\u00e8ces pour soliste et ensemble : <i>Outrenoir <\/i>inspir\u00e9e de la peinture de Pierre Soulages et la transcription du concerto pour violon <i>Missing<\/i>, devenu <i>Missing II<\/i>, auxquelles s\u2019ajouteront les reprises de <i>Pluie, vapeur, vitesse<\/i>, et <i>Vagues se brisant contre le vent<\/i>, sur des tableaux de Turner.<span class=\"Apple-converted-space\">\u00a0<\/span><\/p>\n<p class=\"p2\">Violoniste de formation, la musique d\u2019\u00c9dith Canat de Chizy est avant toute chose une musique de timbre et de mouvement. Par ailleurs, la peinture y est tr\u00e8s souvent pr\u00e9sente : le rapport entre mati\u00e8re picturale et mat\u00e9riau sonore est, chez elle, une source in\u00e9puisable de recherche sur le timbre.<span class=\"Apple-converted-space\">\u00a0<\/span><\/p>\n<p>&nbsp;<\/p>\n<p>Sortie : 24 mars 2023<\/p>\n<p>Label : Paraty<\/p>\n","protected":false},"excerpt":{"rendered":"<p>Coup de coeur 2023 de l&#8217;acad\u00e9mie Charles Cros pour le disque WAVES d&#8217;Edith Canat de Chizy.<\/p>\n","protected":false},"author":21,"featured_media":31495,"comment_status":"closed","ping_status":"open","sticky":false,"template":"","format":"standard","meta":{"_acf_changed":false,"footnotes":""},"categories":[1],"tags":[],"class_list":["post-27815","post","type-post","status-publish","format-standard","has-post-thumbnail","hentry","category-actualite"],"acf":[],"yoast_head":"<!-- This site is optimized with the Yoast SEO plugin v24.8.1 - https:\/\/yoast.com\/wordpress\/plugins\/seo\/ -->\n<title>Nouvelle r\u00e9compense pour le disque WAVES - Ensemble Orchestral Contemporain<\/title>\n<meta name=\"robots\" content=\"noindex, follow, max-snippet:-1, max-image-preview:large, max-video-preview:-1\" \/>\n<meta property=\"og:locale\" content=\"en_US\" \/>\n<meta property=\"og:type\" content=\"article\" \/>\n<meta property=\"og:title\" content=\"Nouvelle r\u00e9compense pour le disque WAVES - Ensemble Orchestral Contemporain\" \/>\n<meta property=\"og:description\" content=\"Coup de coeur 2023 de l&#8217;acad\u00e9mie Charles Cros pour le disque WAVES d&#8217;Edith Canat de Chizy.\" \/>\n<meta property=\"og:url\" content=\"https:\/\/old-eoc.dev-app.net\/disque-waves\/\" \/>\n<meta property=\"og:site_name\" content=\"Ensemble Orchestral Contemporain\" \/>\n<meta property=\"article:published_time\" content=\"2023-03-08T00:00:51+00:00\" \/>\n<meta property=\"article:modified_time\" content=\"2025-03-03T14:15:44+00:00\" \/>\n<meta property=\"og:image\" content=\"https:\/\/old-eoc.dev-app.net\/wp-content\/uploads\/2023\/03\/waves-cros.jpg\" \/>\n\t<meta property=\"og:image:width\" content=\"1029\" \/>\n\t<meta property=\"og:image:height\" content=\"1028\" \/>\n\t<meta property=\"og:image:type\" content=\"image\/jpeg\" \/>\n<meta name=\"author\" content=\"Am\u00e9lie Finet\" \/>\n<meta name=\"twitter:card\" content=\"summary_large_image\" \/>\n<meta name=\"twitter:label1\" content=\"Written by\" \/>\n\t<meta name=\"twitter:data1\" content=\"Am\u00e9lie Finet\" \/>\n\t<meta name=\"twitter:label2\" content=\"Est. reading time\" \/>\n\t<meta name=\"twitter:data2\" content=\"3 minutes\" \/>\n<script type=\"application\/ld+json\" class=\"yoast-schema-graph\">{\"@context\":\"https:\/\/schema.org\",\"@graph\":[{\"@type\":\"Article\",\"@id\":\"https:\/\/old-eoc.dev-app.net\/disque-waves\/#article\",\"isPartOf\":{\"@id\":\"https:\/\/old-eoc.dev-app.net\/disque-waves\/\"},\"author\":{\"name\":\"Am\u00e9lie Finet\",\"@id\":\"https:\/\/old-eoc.dev-app.net\/#\/schema\/person\/22903e18cfb1940ba9e7a40db29c84f8\"},\"headline\":\"Nouvelle r\u00e9compense pour le disque WAVES\",\"datePublished\":\"2023-03-08T00:00:51+00:00\",\"dateModified\":\"2025-03-03T14:15:44+00:00\",\"mainEntityOfPage\":{\"@id\":\"https:\/\/old-eoc.dev-app.net\/disque-waves\/\"},\"wordCount\":311,\"publisher\":{\"@id\":\"https:\/\/old-eoc.dev-app.net\/#organization\"},\"image\":{\"@id\":\"https:\/\/old-eoc.dev-app.net\/disque-waves\/#primaryimage\"},\"thumbnailUrl\":\"https:\/\/old-eoc.dev-app.net\/wp-content\/uploads\/2023\/03\/waves-cros.jpg\",\"articleSection\":[\"Actualit\u00e9\"],\"inLanguage\":\"en-US\"},{\"@type\":\"WebPage\",\"@id\":\"https:\/\/old-eoc.dev-app.net\/disque-waves\/\",\"url\":\"https:\/\/old-eoc.dev-app.net\/disque-waves\/\",\"name\":\"Nouvelle r\u00e9compense pour le disque WAVES - Ensemble Orchestral Contemporain\",\"isPartOf\":{\"@id\":\"https:\/\/old-eoc.dev-app.net\/#website\"},\"primaryImageOfPage\":{\"@id\":\"https:\/\/old-eoc.dev-app.net\/disque-waves\/#primaryimage\"},\"image\":{\"@id\":\"https:\/\/old-eoc.dev-app.net\/disque-waves\/#primaryimage\"},\"thumbnailUrl\":\"https:\/\/old-eoc.dev-app.net\/wp-content\/uploads\/2023\/03\/waves-cros.jpg\",\"datePublished\":\"2023-03-08T00:00:51+00:00\",\"dateModified\":\"2025-03-03T14:15:44+00:00\",\"breadcrumb\":{\"@id\":\"https:\/\/old-eoc.dev-app.net\/disque-waves\/#breadcrumb\"},\"inLanguage\":\"en-US\",\"potentialAction\":[{\"@type\":\"ReadAction\",\"target\":[\"https:\/\/old-eoc.dev-app.net\/disque-waves\/\"]}]},{\"@type\":\"ImageObject\",\"inLanguage\":\"en-US\",\"@id\":\"https:\/\/old-eoc.dev-app.net\/disque-waves\/#primaryimage\",\"url\":\"https:\/\/old-eoc.dev-app.net\/wp-content\/uploads\/2023\/03\/waves-cros.jpg\",\"contentUrl\":\"https:\/\/old-eoc.dev-app.net\/wp-content\/uploads\/2023\/03\/waves-cros.jpg\",\"width\":1029,\"height\":1028},{\"@type\":\"BreadcrumbList\",\"@id\":\"https:\/\/old-eoc.dev-app.net\/disque-waves\/#breadcrumb\",\"itemListElement\":[{\"@type\":\"ListItem\",\"position\":1,\"name\":\"Accueil\",\"item\":\"https:\/\/old-eoc.dev-app.net\/en\/\"},{\"@type\":\"ListItem\",\"position\":2,\"name\":\"Nouvelle r\u00e9compense pour le disque WAVES\"}]},{\"@type\":\"WebSite\",\"@id\":\"https:\/\/old-eoc.dev-app.net\/#website\",\"url\":\"https:\/\/old-eoc.dev-app.net\/\",\"name\":\"Ensemble Orchestral Contemporain\",\"description\":\"Direction Daniel Kawka\",\"publisher\":{\"@id\":\"https:\/\/old-eoc.dev-app.net\/#organization\"},\"potentialAction\":[{\"@type\":\"SearchAction\",\"target\":{\"@type\":\"EntryPoint\",\"urlTemplate\":\"https:\/\/old-eoc.dev-app.net\/?s={search_term_string}\"},\"query-input\":{\"@type\":\"PropertyValueSpecification\",\"valueRequired\":true,\"valueName\":\"search_term_string\"}}],\"inLanguage\":\"en-US\"},{\"@type\":\"Organization\",\"@id\":\"https:\/\/old-eoc.dev-app.net\/#organization\",\"name\":\"Ensemble Orchestral Contemporain\",\"url\":\"https:\/\/old-eoc.dev-app.net\/\",\"logo\":{\"@type\":\"ImageObject\",\"inLanguage\":\"en-US\",\"@id\":\"https:\/\/old-eoc.dev-app.net\/#\/schema\/logo\/image\/\",\"url\":\"https:\/\/old-eoc.dev-app.net\/wp-content\/uploads\/2024\/02\/cropped-admin-ajax2.jpg\",\"contentUrl\":\"https:\/\/old-eoc.dev-app.net\/wp-content\/uploads\/2024\/02\/cropped-admin-ajax2.jpg\",\"width\":148,\"height\":79,\"caption\":\"Ensemble Orchestral Contemporain\"},\"image\":{\"@id\":\"https:\/\/old-eoc.dev-app.net\/#\/schema\/logo\/image\/\"},\"sameAs\":[\"https:\/\/www.youtube.com\/user\/EnsembleEOC\"]},{\"@type\":\"Person\",\"@id\":\"https:\/\/old-eoc.dev-app.net\/#\/schema\/person\/22903e18cfb1940ba9e7a40db29c84f8\",\"name\":\"Am\u00e9lie Finet\",\"image\":{\"@type\":\"ImageObject\",\"inLanguage\":\"en-US\",\"@id\":\"https:\/\/old-eoc.dev-app.net\/#\/schema\/person\/image\/\",\"url\":\"https:\/\/secure.gravatar.com\/avatar\/2e0bfbdf5d8965d17c4d51755bcfc940?s=96&d=mm&r=g\",\"contentUrl\":\"https:\/\/secure.gravatar.com\/avatar\/2e0bfbdf5d8965d17c4d51755bcfc940?s=96&d=mm&r=g\",\"caption\":\"Am\u00e9lie Finet\"},\"url\":\"https:\/\/old-eoc.dev-app.net\/en\/author\/mhermant\/\"}]}<\/script>\n<!-- \/ Yoast SEO plugin. -->","yoast_head_json":{"title":"Nouvelle r\u00e9compense pour le disque WAVES - Ensemble Orchestral Contemporain","robots":{"index":"noindex","follow":"follow","max-snippet":"max-snippet:-1","max-image-preview":"max-image-preview:large","max-video-preview":"max-video-preview:-1"},"og_locale":"en_US","og_type":"article","og_title":"Nouvelle r\u00e9compense pour le disque WAVES - Ensemble Orchestral Contemporain","og_description":"Coup de coeur 2023 de l&#8217;acad\u00e9mie Charles Cros pour le disque WAVES d&#8217;Edith Canat de Chizy.","og_url":"https:\/\/old-eoc.dev-app.net\/disque-waves\/","og_site_name":"Ensemble Orchestral Contemporain","article_published_time":"2023-03-08T00:00:51+00:00","article_modified_time":"2025-03-03T14:15:44+00:00","og_image":[{"width":1029,"height":1028,"url":"https:\/\/old-eoc.dev-app.net\/wp-content\/uploads\/2023\/03\/waves-cros.jpg","type":"image\/jpeg"}],"author":"Am\u00e9lie Finet","twitter_card":"summary_large_image","twitter_misc":{"Written by":"Am\u00e9lie Finet","Est. reading time":"3 minutes"},"schema":{"@context":"https:\/\/schema.org","@graph":[{"@type":"Article","@id":"https:\/\/old-eoc.dev-app.net\/disque-waves\/#article","isPartOf":{"@id":"https:\/\/old-eoc.dev-app.net\/disque-waves\/"},"author":{"name":"Am\u00e9lie Finet","@id":"https:\/\/old-eoc.dev-app.net\/#\/schema\/person\/22903e18cfb1940ba9e7a40db29c84f8"},"headline":"Nouvelle r\u00e9compense pour le disque WAVES","datePublished":"2023-03-08T00:00:51+00:00","dateModified":"2025-03-03T14:15:44+00:00","mainEntityOfPage":{"@id":"https:\/\/old-eoc.dev-app.net\/disque-waves\/"},"wordCount":311,"publisher":{"@id":"https:\/\/old-eoc.dev-app.net\/#organization"},"image":{"@id":"https:\/\/old-eoc.dev-app.net\/disque-waves\/#primaryimage"},"thumbnailUrl":"https:\/\/old-eoc.dev-app.net\/wp-content\/uploads\/2023\/03\/waves-cros.jpg","articleSection":["Actualit\u00e9"],"inLanguage":"en-US"},{"@type":"WebPage","@id":"https:\/\/old-eoc.dev-app.net\/disque-waves\/","url":"https:\/\/old-eoc.dev-app.net\/disque-waves\/","name":"Nouvelle r\u00e9compense pour le disque WAVES - Ensemble Orchestral Contemporain","isPartOf":{"@id":"https:\/\/old-eoc.dev-app.net\/#website"},"primaryImageOfPage":{"@id":"https:\/\/old-eoc.dev-app.net\/disque-waves\/#primaryimage"},"image":{"@id":"https:\/\/old-eoc.dev-app.net\/disque-waves\/#primaryimage"},"thumbnailUrl":"https:\/\/old-eoc.dev-app.net\/wp-content\/uploads\/2023\/03\/waves-cros.jpg","datePublished":"2023-03-08T00:00:51+00:00","dateModified":"2025-03-03T14:15:44+00:00","breadcrumb":{"@id":"https:\/\/old-eoc.dev-app.net\/disque-waves\/#breadcrumb"},"inLanguage":"en-US","potentialAction":[{"@type":"ReadAction","target":["https:\/\/old-eoc.dev-app.net\/disque-waves\/"]}]},{"@type":"ImageObject","inLanguage":"en-US","@id":"https:\/\/old-eoc.dev-app.net\/disque-waves\/#primaryimage","url":"https:\/\/old-eoc.dev-app.net\/wp-content\/uploads\/2023\/03\/waves-cros.jpg","contentUrl":"https:\/\/old-eoc.dev-app.net\/wp-content\/uploads\/2023\/03\/waves-cros.jpg","width":1029,"height":1028},{"@type":"BreadcrumbList","@id":"https:\/\/old-eoc.dev-app.net\/disque-waves\/#breadcrumb","itemListElement":[{"@type":"ListItem","position":1,"name":"Accueil","item":"https:\/\/old-eoc.dev-app.net\/en\/"},{"@type":"ListItem","position":2,"name":"Nouvelle r\u00e9compense pour le disque WAVES"}]},{"@type":"WebSite","@id":"https:\/\/old-eoc.dev-app.net\/#website","url":"https:\/\/old-eoc.dev-app.net\/","name":"Ensemble Orchestral Contemporain","description":"Direction Daniel Kawka","publisher":{"@id":"https:\/\/old-eoc.dev-app.net\/#organization"},"potentialAction":[{"@type":"SearchAction","target":{"@type":"EntryPoint","urlTemplate":"https:\/\/old-eoc.dev-app.net\/?s={search_term_string}"},"query-input":{"@type":"PropertyValueSpecification","valueRequired":true,"valueName":"search_term_string"}}],"inLanguage":"en-US"},{"@type":"Organization","@id":"https:\/\/old-eoc.dev-app.net\/#organization","name":"Ensemble Orchestral Contemporain","url":"https:\/\/old-eoc.dev-app.net\/","logo":{"@type":"ImageObject","inLanguage":"en-US","@id":"https:\/\/old-eoc.dev-app.net\/#\/schema\/logo\/image\/","url":"https:\/\/old-eoc.dev-app.net\/wp-content\/uploads\/2024\/02\/cropped-admin-ajax2.jpg","contentUrl":"https:\/\/old-eoc.dev-app.net\/wp-content\/uploads\/2024\/02\/cropped-admin-ajax2.jpg","width":148,"height":79,"caption":"Ensemble Orchestral Contemporain"},"image":{"@id":"https:\/\/old-eoc.dev-app.net\/#\/schema\/logo\/image\/"},"sameAs":["https:\/\/www.youtube.com\/user\/EnsembleEOC"]},{"@type":"Person","@id":"https:\/\/old-eoc.dev-app.net\/#\/schema\/person\/22903e18cfb1940ba9e7a40db29c84f8","name":"Am\u00e9lie Finet","image":{"@type":"ImageObject","inLanguage":"en-US","@id":"https:\/\/old-eoc.dev-app.net\/#\/schema\/person\/image\/","url":"https:\/\/secure.gravatar.com\/avatar\/2e0bfbdf5d8965d17c4d51755bcfc940?s=96&d=mm&r=g","contentUrl":"https:\/\/secure.gravatar.com\/avatar\/2e0bfbdf5d8965d17c4d51755bcfc940?s=96&d=mm&r=g","caption":"Am\u00e9lie Finet"},"url":"https:\/\/old-eoc.dev-app.net\/en\/author\/mhermant\/"}]}},"_links":{"self":[{"href":"https:\/\/old-eoc.dev-app.net\/en\/wp-json\/wp\/v2\/posts\/27815","targetHints":{"allow":["GET"]}}],"collection":[{"href":"https:\/\/old-eoc.dev-app.net\/en\/wp-json\/wp\/v2\/posts"}],"about":[{"href":"https:\/\/old-eoc.dev-app.net\/en\/wp-json\/wp\/v2\/types\/post"}],"author":[{"embeddable":true,"href":"https:\/\/old-eoc.dev-app.net\/en\/wp-json\/wp\/v2\/users\/21"}],"replies":[{"embeddable":true,"href":"https:\/\/old-eoc.dev-app.net\/en\/wp-json\/wp\/v2\/comments?post=27815"}],"version-history":[{"count":0,"href":"https:\/\/old-eoc.dev-app.net\/en\/wp-json\/wp\/v2\/posts\/27815\/revisions"}],"wp:featuredmedia":[{"embeddable":true,"href":"https:\/\/old-eoc.dev-app.net\/en\/wp-json\/wp\/v2\/media\/31495"}],"wp:attachment":[{"href":"https:\/\/old-eoc.dev-app.net\/en\/wp-json\/wp\/v2\/media?parent=27815"}],"wp:term":[{"taxonomy":"category","embeddable":true,"href":"https:\/\/old-eoc.dev-app.net\/en\/wp-json\/wp\/v2\/categories?post=27815"},{"taxonomy":"post_tag","embeddable":true,"href":"https:\/\/old-eoc.dev-app.net\/en\/wp-json\/wp\/v2\/tags?post=27815"}],"curies":[{"name":"wp","href":"https:\/\/api.w.org\/{rel}","templated":true}]}}