{"id":2757,"date":"2018-12-12T10:30:08","date_gmt":"2018-12-12T09:30:08","guid":{"rendered":"https:\/\/old-eoc.dev-app.net\/?p=2757"},"modified":"2019-03-13T13:09:04","modified_gmt":"2019-03-13T12:09:04","slug":"dans-les-coulisses-du-projet-medea","status":"publish","type":"post","link":"https:\/\/old-eoc.dev-app.net\/en\/dans-les-coulisses-du-projet-medea\/","title":{"rendered":"Dans les coulisses du projet Medea"},"content":{"rendered":"<p>Retrouvez les vid\u00e9os de Walcam TV, Web TV du Lyc\u00e9e Albert Camus (Firminy) qui couvre l&#8217;\u00e9laboration du projet Medea.<!--more--><\/p>\n<p>Les \u00e9l\u00e8ves des \u00e9coles primaire du Mas et de La Tardive \u00e0 Firminy cr\u00e9ent des textures sonores autour du th\u00e8me de la mer et d\u00e9couvrent un langage de direction d\u2019orchestre, le soundpainting, accompagn\u00e9e par une m\u00e9diatrice culturelle et un musicien de l\u2019EOC.<\/p>\n<p>Leurs cr\u00e9ations seront int\u00e9gr\u00e9es \u00e0 la pi\u00e8ce de Xenakis et interpr\u00e9t\u00e9es en direct lors des concerts du jeudi 22 novembre 2018 \u00e0 l\u2019Eglise Saint-Pierre de Firminy.<\/p>\n<p>Voici la premi\u00e8re cession de travail avec Elodie Chapeland (m\u00e9diatrice culturelle) et les \u00e9l\u00e8ves de l&#8217;\u00e9cole primaire du Mas.<\/p>\n<p><iframe loading=\"lazy\" src=\"https:\/\/www.youtube.com\/embed\/fiWiKmvPI38\" width=\"560\" height=\"315\" frameborder=\"0\" allowfullscreen=\"allowfullscreen\"><\/iframe><\/p>\n<p>Pour la deuxi\u00e8me cession, c&#8217;est Rom\u00e9o Monteiro (percussionniste de l&#8217;EOC) qui travaille avec les \u00e9l\u00e8ves de l&#8217;\u00e9cole primaire de la Tardive.<\/p>\n<p><iframe loading=\"lazy\" src=\"https:\/\/www.youtube.com\/embed\/TosCusuWINw\" width=\"560\" height=\"315\" frameborder=\"0\" allowfullscreen=\"allowfullscreen\"><\/iframe><\/p>\n<p>Des derni\u00e8res r\u00e9p\u00e9titions dans l&#8217;\u00e9glise Saint-Pierre \u00e0 la repr\u00e9sentation scolaire, c&#8217;est ce que nous retrouvons dans cette 3\u00e8me capsule :<\/p>\n<p><iframe loading=\"lazy\" src=\"https:\/\/www.youtube.com\/embed\/e-8QBz6vNA0\" width=\"560\" height=\"315\" frameborder=\"0\" allowfullscreen=\"allowfullscreen\"><\/iframe><\/p>\n<p>Pour en savoir plus sur Medea, rendez-vous <a href=\"https:\/\/old-eoc.dev-app.net\/autour-des-concerts\/actions-artistiques-et-culturelles\/action\/medea\/\">ici<\/a><\/p>\n","protected":false},"excerpt":{"rendered":"<p>Retrouvez les vid\u00e9os de Walcam TV, Web TV du Lyc\u00e9e Albert Camus (Firminy) qui couvre l&#8217;\u00e9laboration du projet Medea.<\/p>\n","protected":false},"author":21,"featured_media":2760,"comment_status":"closed","ping_status":"open","sticky":false,"template":"","format":"standard","meta":{"_acf_changed":false,"footnotes":""},"categories":[1],"tags":[],"class_list":["post-2757","post","type-post","status-publish","format-standard","has-post-thumbnail","hentry","category-actualite"],"acf":[],"yoast_head":"<!-- This site is optimized with the Yoast SEO plugin v24.8.1 - https:\/\/yoast.com\/wordpress\/plugins\/seo\/ -->\n<title>Dans les coulisses du projet Medea - Ensemble Orchestral Contemporain<\/title>\n<meta name=\"robots\" content=\"noindex, follow, max-snippet:-1, max-image-preview:large, max-video-preview:-1\" \/>\n<meta property=\"og:locale\" content=\"en_US\" \/>\n<meta property=\"og:type\" content=\"article\" \/>\n<meta property=\"og:title\" content=\"Dans les coulisses du projet Medea - Ensemble Orchestral Contemporain\" \/>\n<meta property=\"og:description\" content=\"Retrouvez les vid\u00e9os de Walcam TV, Web TV du Lyc\u00e9e Albert Camus (Firminy) qui couvre l&#8217;\u00e9laboration du projet Medea.\" \/>\n<meta property=\"og:url\" content=\"https:\/\/old-eoc.dev-app.net\/dans-les-coulisses-du-projet-medea\/\" \/>\n<meta property=\"og:site_name\" content=\"Ensemble Orchestral Contemporain\" \/>\n<meta property=\"article:published_time\" content=\"2018-12-12T09:30:08+00:00\" \/>\n<meta property=\"article:modified_time\" content=\"2019-03-13T12:09:04+00:00\" \/>\n<meta property=\"og:image\" content=\"https:\/\/old-eoc.dev-app.net\/wp-content\/uploads\/2018\/10\/Capture-d\u2019e\u0301cran-2018-10-16-a\u0300-11.47.02-1280x720.png\" \/>\n\t<meta property=\"og:image:width\" content=\"1280\" \/>\n\t<meta property=\"og:image:height\" content=\"720\" \/>\n\t<meta property=\"og:image:type\" content=\"image\/png\" \/>\n<meta name=\"author\" content=\"Am\u00e9lie Finet\" \/>\n<meta name=\"twitter:card\" content=\"summary_large_image\" \/>\n<meta name=\"twitter:label1\" content=\"Written by\" \/>\n\t<meta name=\"twitter:data1\" content=\"Am\u00e9lie Finet\" \/>\n\t<meta name=\"twitter:label2\" content=\"Est. reading time\" \/>\n\t<meta name=\"twitter:data2\" content=\"1 minute\" \/>\n<script type=\"application\/ld+json\" class=\"yoast-schema-graph\">{\"@context\":\"https:\/\/schema.org\",\"@graph\":[{\"@type\":\"Article\",\"@id\":\"https:\/\/old-eoc.dev-app.net\/dans-les-coulisses-du-projet-medea\/#article\",\"isPartOf\":{\"@id\":\"https:\/\/old-eoc.dev-app.net\/dans-les-coulisses-du-projet-medea\/\"},\"author\":{\"name\":\"Am\u00e9lie Finet\",\"@id\":\"https:\/\/old-eoc.dev-app.net\/#\/schema\/person\/22903e18cfb1940ba9e7a40db29c84f8\"},\"headline\":\"Dans les coulisses du projet Medea\",\"datePublished\":\"2018-12-12T09:30:08+00:00\",\"dateModified\":\"2019-03-13T12:09:04+00:00\",\"mainEntityOfPage\":{\"@id\":\"https:\/\/old-eoc.dev-app.net\/dans-les-coulisses-du-projet-medea\/\"},\"wordCount\":188,\"publisher\":{\"@id\":\"https:\/\/old-eoc.dev-app.net\/#organization\"},\"image\":{\"@id\":\"https:\/\/old-eoc.dev-app.net\/dans-les-coulisses-du-projet-medea\/#primaryimage\"},\"thumbnailUrl\":\"https:\/\/old-eoc.dev-app.net\/wp-content\/uploads\/2018\/10\/Capture-d\u2019e\u0301cran-2018-10-16-a\u0300-11.47.02.png\",\"articleSection\":[\"Actualit\u00e9\"],\"inLanguage\":\"en-US\"},{\"@type\":\"WebPage\",\"@id\":\"https:\/\/old-eoc.dev-app.net\/dans-les-coulisses-du-projet-medea\/\",\"url\":\"https:\/\/old-eoc.dev-app.net\/dans-les-coulisses-du-projet-medea\/\",\"name\":\"Dans les coulisses du projet Medea - Ensemble Orchestral Contemporain\",\"isPartOf\":{\"@id\":\"https:\/\/old-eoc.dev-app.net\/#website\"},\"primaryImageOfPage\":{\"@id\":\"https:\/\/old-eoc.dev-app.net\/dans-les-coulisses-du-projet-medea\/#primaryimage\"},\"image\":{\"@id\":\"https:\/\/old-eoc.dev-app.net\/dans-les-coulisses-du-projet-medea\/#primaryimage\"},\"thumbnailUrl\":\"https:\/\/old-eoc.dev-app.net\/wp-content\/uploads\/2018\/10\/Capture-d\u2019e\u0301cran-2018-10-16-a\u0300-11.47.02.png\",\"datePublished\":\"2018-12-12T09:30:08+00:00\",\"dateModified\":\"2019-03-13T12:09:04+00:00\",\"breadcrumb\":{\"@id\":\"https:\/\/old-eoc.dev-app.net\/dans-les-coulisses-du-projet-medea\/#breadcrumb\"},\"inLanguage\":\"en-US\",\"potentialAction\":[{\"@type\":\"ReadAction\",\"target\":[\"https:\/\/old-eoc.dev-app.net\/dans-les-coulisses-du-projet-medea\/\"]}]},{\"@type\":\"ImageObject\",\"inLanguage\":\"en-US\",\"@id\":\"https:\/\/old-eoc.dev-app.net\/dans-les-coulisses-du-projet-medea\/#primaryimage\",\"url\":\"https:\/\/old-eoc.dev-app.net\/wp-content\/uploads\/2018\/10\/Capture-d\u2019e\u0301cran-2018-10-16-a\u0300-11.47.02.png\",\"contentUrl\":\"https:\/\/old-eoc.dev-app.net\/wp-content\/uploads\/2018\/10\/Capture-d\u2019e\u0301cran-2018-10-16-a\u0300-11.47.02.png\",\"width\":1920,\"height\":1080},{\"@type\":\"BreadcrumbList\",\"@id\":\"https:\/\/old-eoc.dev-app.net\/dans-les-coulisses-du-projet-medea\/#breadcrumb\",\"itemListElement\":[{\"@type\":\"ListItem\",\"position\":1,\"name\":\"Accueil\",\"item\":\"https:\/\/old-eoc.dev-app.net\/en\/\"},{\"@type\":\"ListItem\",\"position\":2,\"name\":\"Dans les coulisses du projet Medea\"}]},{\"@type\":\"WebSite\",\"@id\":\"https:\/\/old-eoc.dev-app.net\/#website\",\"url\":\"https:\/\/old-eoc.dev-app.net\/\",\"name\":\"Ensemble Orchestral Contemporain\",\"description\":\"Direction Daniel Kawka\",\"publisher\":{\"@id\":\"https:\/\/old-eoc.dev-app.net\/#organization\"},\"potentialAction\":[{\"@type\":\"SearchAction\",\"target\":{\"@type\":\"EntryPoint\",\"urlTemplate\":\"https:\/\/old-eoc.dev-app.net\/?s={search_term_string}\"},\"query-input\":{\"@type\":\"PropertyValueSpecification\",\"valueRequired\":true,\"valueName\":\"search_term_string\"}}],\"inLanguage\":\"en-US\"},{\"@type\":\"Organization\",\"@id\":\"https:\/\/old-eoc.dev-app.net\/#organization\",\"name\":\"Ensemble Orchestral Contemporain\",\"url\":\"https:\/\/old-eoc.dev-app.net\/\",\"logo\":{\"@type\":\"ImageObject\",\"inLanguage\":\"en-US\",\"@id\":\"https:\/\/old-eoc.dev-app.net\/#\/schema\/logo\/image\/\",\"url\":\"https:\/\/old-eoc.dev-app.net\/wp-content\/uploads\/2024\/02\/cropped-admin-ajax2.jpg\",\"contentUrl\":\"https:\/\/old-eoc.dev-app.net\/wp-content\/uploads\/2024\/02\/cropped-admin-ajax2.jpg\",\"width\":148,\"height\":79,\"caption\":\"Ensemble Orchestral Contemporain\"},\"image\":{\"@id\":\"https:\/\/old-eoc.dev-app.net\/#\/schema\/logo\/image\/\"},\"sameAs\":[\"https:\/\/www.youtube.com\/user\/EnsembleEOC\"]},{\"@type\":\"Person\",\"@id\":\"https:\/\/old-eoc.dev-app.net\/#\/schema\/person\/22903e18cfb1940ba9e7a40db29c84f8\",\"name\":\"Am\u00e9lie Finet\",\"image\":{\"@type\":\"ImageObject\",\"inLanguage\":\"en-US\",\"@id\":\"https:\/\/old-eoc.dev-app.net\/#\/schema\/person\/image\/\",\"url\":\"https:\/\/secure.gravatar.com\/avatar\/2e0bfbdf5d8965d17c4d51755bcfc940?s=96&d=mm&r=g\",\"contentUrl\":\"https:\/\/secure.gravatar.com\/avatar\/2e0bfbdf5d8965d17c4d51755bcfc940?s=96&d=mm&r=g\",\"caption\":\"Am\u00e9lie Finet\"},\"url\":\"https:\/\/old-eoc.dev-app.net\/en\/author\/mhermant\/\"}]}<\/script>\n<!-- \/ Yoast SEO plugin. -->","yoast_head_json":{"title":"Dans les coulisses du projet Medea - Ensemble Orchestral Contemporain","robots":{"index":"noindex","follow":"follow","max-snippet":"max-snippet:-1","max-image-preview":"max-image-preview:large","max-video-preview":"max-video-preview:-1"},"og_locale":"en_US","og_type":"article","og_title":"Dans les coulisses du projet Medea - Ensemble Orchestral Contemporain","og_description":"Retrouvez les vid\u00e9os de Walcam TV, Web TV du Lyc\u00e9e Albert Camus (Firminy) qui couvre l&#8217;\u00e9laboration du projet Medea.","og_url":"https:\/\/old-eoc.dev-app.net\/dans-les-coulisses-du-projet-medea\/","og_site_name":"Ensemble Orchestral Contemporain","article_published_time":"2018-12-12T09:30:08+00:00","article_modified_time":"2019-03-13T12:09:04+00:00","og_image":[{"width":1280,"height":720,"url":"https:\/\/old-eoc.dev-app.net\/wp-content\/uploads\/2018\/10\/Capture-d\u2019e\u0301cran-2018-10-16-a\u0300-11.47.02-1280x720.png","type":"image\/png"}],"author":"Am\u00e9lie Finet","twitter_card":"summary_large_image","twitter_misc":{"Written by":"Am\u00e9lie Finet","Est. reading time":"1 minute"},"schema":{"@context":"https:\/\/schema.org","@graph":[{"@type":"Article","@id":"https:\/\/old-eoc.dev-app.net\/dans-les-coulisses-du-projet-medea\/#article","isPartOf":{"@id":"https:\/\/old-eoc.dev-app.net\/dans-les-coulisses-du-projet-medea\/"},"author":{"name":"Am\u00e9lie Finet","@id":"https:\/\/old-eoc.dev-app.net\/#\/schema\/person\/22903e18cfb1940ba9e7a40db29c84f8"},"headline":"Dans les coulisses du projet Medea","datePublished":"2018-12-12T09:30:08+00:00","dateModified":"2019-03-13T12:09:04+00:00","mainEntityOfPage":{"@id":"https:\/\/old-eoc.dev-app.net\/dans-les-coulisses-du-projet-medea\/"},"wordCount":188,"publisher":{"@id":"https:\/\/old-eoc.dev-app.net\/#organization"},"image":{"@id":"https:\/\/old-eoc.dev-app.net\/dans-les-coulisses-du-projet-medea\/#primaryimage"},"thumbnailUrl":"https:\/\/old-eoc.dev-app.net\/wp-content\/uploads\/2018\/10\/Capture-d\u2019e\u0301cran-2018-10-16-a\u0300-11.47.02.png","articleSection":["Actualit\u00e9"],"inLanguage":"en-US"},{"@type":"WebPage","@id":"https:\/\/old-eoc.dev-app.net\/dans-les-coulisses-du-projet-medea\/","url":"https:\/\/old-eoc.dev-app.net\/dans-les-coulisses-du-projet-medea\/","name":"Dans les coulisses du projet Medea - Ensemble Orchestral Contemporain","isPartOf":{"@id":"https:\/\/old-eoc.dev-app.net\/#website"},"primaryImageOfPage":{"@id":"https:\/\/old-eoc.dev-app.net\/dans-les-coulisses-du-projet-medea\/#primaryimage"},"image":{"@id":"https:\/\/old-eoc.dev-app.net\/dans-les-coulisses-du-projet-medea\/#primaryimage"},"thumbnailUrl":"https:\/\/old-eoc.dev-app.net\/wp-content\/uploads\/2018\/10\/Capture-d\u2019e\u0301cran-2018-10-16-a\u0300-11.47.02.png","datePublished":"2018-12-12T09:30:08+00:00","dateModified":"2019-03-13T12:09:04+00:00","breadcrumb":{"@id":"https:\/\/old-eoc.dev-app.net\/dans-les-coulisses-du-projet-medea\/#breadcrumb"},"inLanguage":"en-US","potentialAction":[{"@type":"ReadAction","target":["https:\/\/old-eoc.dev-app.net\/dans-les-coulisses-du-projet-medea\/"]}]},{"@type":"ImageObject","inLanguage":"en-US","@id":"https:\/\/old-eoc.dev-app.net\/dans-les-coulisses-du-projet-medea\/#primaryimage","url":"https:\/\/old-eoc.dev-app.net\/wp-content\/uploads\/2018\/10\/Capture-d\u2019e\u0301cran-2018-10-16-a\u0300-11.47.02.png","contentUrl":"https:\/\/old-eoc.dev-app.net\/wp-content\/uploads\/2018\/10\/Capture-d\u2019e\u0301cran-2018-10-16-a\u0300-11.47.02.png","width":1920,"height":1080},{"@type":"BreadcrumbList","@id":"https:\/\/old-eoc.dev-app.net\/dans-les-coulisses-du-projet-medea\/#breadcrumb","itemListElement":[{"@type":"ListItem","position":1,"name":"Accueil","item":"https:\/\/old-eoc.dev-app.net\/en\/"},{"@type":"ListItem","position":2,"name":"Dans les coulisses du projet Medea"}]},{"@type":"WebSite","@id":"https:\/\/old-eoc.dev-app.net\/#website","url":"https:\/\/old-eoc.dev-app.net\/","name":"Ensemble Orchestral Contemporain","description":"Direction Daniel Kawka","publisher":{"@id":"https:\/\/old-eoc.dev-app.net\/#organization"},"potentialAction":[{"@type":"SearchAction","target":{"@type":"EntryPoint","urlTemplate":"https:\/\/old-eoc.dev-app.net\/?s={search_term_string}"},"query-input":{"@type":"PropertyValueSpecification","valueRequired":true,"valueName":"search_term_string"}}],"inLanguage":"en-US"},{"@type":"Organization","@id":"https:\/\/old-eoc.dev-app.net\/#organization","name":"Ensemble Orchestral Contemporain","url":"https:\/\/old-eoc.dev-app.net\/","logo":{"@type":"ImageObject","inLanguage":"en-US","@id":"https:\/\/old-eoc.dev-app.net\/#\/schema\/logo\/image\/","url":"https:\/\/old-eoc.dev-app.net\/wp-content\/uploads\/2024\/02\/cropped-admin-ajax2.jpg","contentUrl":"https:\/\/old-eoc.dev-app.net\/wp-content\/uploads\/2024\/02\/cropped-admin-ajax2.jpg","width":148,"height":79,"caption":"Ensemble Orchestral Contemporain"},"image":{"@id":"https:\/\/old-eoc.dev-app.net\/#\/schema\/logo\/image\/"},"sameAs":["https:\/\/www.youtube.com\/user\/EnsembleEOC"]},{"@type":"Person","@id":"https:\/\/old-eoc.dev-app.net\/#\/schema\/person\/22903e18cfb1940ba9e7a40db29c84f8","name":"Am\u00e9lie Finet","image":{"@type":"ImageObject","inLanguage":"en-US","@id":"https:\/\/old-eoc.dev-app.net\/#\/schema\/person\/image\/","url":"https:\/\/secure.gravatar.com\/avatar\/2e0bfbdf5d8965d17c4d51755bcfc940?s=96&d=mm&r=g","contentUrl":"https:\/\/secure.gravatar.com\/avatar\/2e0bfbdf5d8965d17c4d51755bcfc940?s=96&d=mm&r=g","caption":"Am\u00e9lie Finet"},"url":"https:\/\/old-eoc.dev-app.net\/en\/author\/mhermant\/"}]}},"_links":{"self":[{"href":"https:\/\/old-eoc.dev-app.net\/en\/wp-json\/wp\/v2\/posts\/2757","targetHints":{"allow":["GET"]}}],"collection":[{"href":"https:\/\/old-eoc.dev-app.net\/en\/wp-json\/wp\/v2\/posts"}],"about":[{"href":"https:\/\/old-eoc.dev-app.net\/en\/wp-json\/wp\/v2\/types\/post"}],"author":[{"embeddable":true,"href":"https:\/\/old-eoc.dev-app.net\/en\/wp-json\/wp\/v2\/users\/21"}],"replies":[{"embeddable":true,"href":"https:\/\/old-eoc.dev-app.net\/en\/wp-json\/wp\/v2\/comments?post=2757"}],"version-history":[{"count":0,"href":"https:\/\/old-eoc.dev-app.net\/en\/wp-json\/wp\/v2\/posts\/2757\/revisions"}],"wp:featuredmedia":[{"embeddable":true,"href":"https:\/\/old-eoc.dev-app.net\/en\/wp-json\/wp\/v2\/media\/2760"}],"wp:attachment":[{"href":"https:\/\/old-eoc.dev-app.net\/en\/wp-json\/wp\/v2\/media?parent=2757"}],"wp:term":[{"taxonomy":"category","embeddable":true,"href":"https:\/\/old-eoc.dev-app.net\/en\/wp-json\/wp\/v2\/categories?post=2757"},{"taxonomy":"post_tag","embeddable":true,"href":"https:\/\/old-eoc.dev-app.net\/en\/wp-json\/wp\/v2\/tags?post=2757"}],"curies":[{"name":"wp","href":"https:\/\/api.w.org\/{rel}","templated":true}]}}