{"id":20029,"date":"2021-11-24T12:39:17","date_gmt":"2021-11-24T11:39:17","guid":{"rendered":"https:\/\/old-eoc.dev-app.net\/?p=20029"},"modified":"2022-09-08T11:13:18","modified_gmt":"2022-09-08T09:13:18","slug":"focus-jeune-creation","status":"publish","type":"post","link":"https:\/\/old-eoc.dev-app.net\/en\/focus-jeune-creation\/","title":{"rendered":"Focus jeune cr\u00e9ation"},"content":{"rendered":"<p>En co-production avec <a class=\"oajrlxb2 g5ia77u1 qu0x051f esr5mh6w e9989ue4 r7d6kgcz rq0escxv nhd2j8a9 nc684nl6 p7hjln8o kvgmc6g5 cxmmr5t8 oygrvhab hcukyx3x jb3vyjys rz4wbd8a qt6c0cv9 a8nywdso i1ao9s8h esuyzwwr f1sip0of lzcic4wl q66pz984 gpro0wi8 b1v8xokw\" tabindex=\"0\" role=\"link\" href=\"https:\/\/www.facebook.com\/Gramelyon\/?__cft__[0]=AZW69nMUckd14uOBPJi8FUBJJOOy9aQfX3_WCjirIEjYr_brXSvi4qdyLKEOQDq2Nocs9xaP1pK4FW5SvGqRIBRADbczgO3xKM9v5scRGQ7x0Hv0ZTfrm3XuDIz7sGr09CLIVl_DPvwKGXQbnrZG3boF&amp;__tn__=kK-R\"><span class=\"nc684nl6\">GRAME Musiques Exploratoires<\/span><\/a> et en partenariat avec le <a class=\"oajrlxb2 g5ia77u1 qu0x051f esr5mh6w e9989ue4 r7d6kgcz rq0escxv nhd2j8a9 nc684nl6 p7hjln8o kvgmc6g5 cxmmr5t8 oygrvhab hcukyx3x jb3vyjys rz4wbd8a qt6c0cv9 a8nywdso i1ao9s8h esuyzwwr f1sip0of lzcic4wl q66pz984 gpro0wi8 b1v8xokw\" tabindex=\"0\" role=\"link\" href=\"https:\/\/www.facebook.com\/CNSMDLyon\/?__cft__[0]=AZW69nMUckd14uOBPJi8FUBJJOOy9aQfX3_WCjirIEjYr_brXSvi4qdyLKEOQDq2Nocs9xaP1pK4FW5SvGqRIBRADbczgO3xKM9v5scRGQ7x0Hv0ZTfrm3XuDIz7sGr09CLIVl_DPvwKGXQbnrZG3boF&amp;__tn__=kK-R\"><span class=\"nc684nl6\">Conservatoire national sup\u00e9rieur musique et danse de Lyon<\/span><\/a> l&#8217;EOC a imagin\u00e9 un &#8220;focus jeune cr\u00e9ation&#8221;<!--more--><span style=\"font-size: inherit; letter-spacing: 0.1rem;\">permettant de mettre \u00e0 l&#8217;honneur la nouvelle g\u00e9n\u00e9ration de compositeurs.<\/span><\/p>\n<p><span style=\"font-size: inherit; letter-spacing: 0.1rem;\">C&#8217;est avec Adrien Trybucki que nous d\u00e9marrons ce nouveau cycle de quatre vid\u00e9os. <\/span><a class=\"oajrlxb2 g5ia77u1 qu0x051f esr5mh6w e9989ue4 r7d6kgcz rq0escxv nhd2j8a9 nc684nl6 p7hjln8o kvgmc6g5 cxmmr5t8 oygrvhab hcukyx3x jb3vyjys rz4wbd8a qt6c0cv9 a8nywdso i1ao9s8h esuyzwwr f1sip0of lzcic4wl q66pz984 gpro0wi8 b1v8xokw\" style=\"font-size: inherit; letter-spacing: 0.1rem;\" tabindex=\"0\" role=\"link\" href=\"https:\/\/www.facebook.com\/atrybucki?__cft__[0]=AZW_uOVAevPuJ0jr-8Avz8wvQ8Z75wzKurkHtdypcZsQeDv0Ch-Hah-UT1a5R8OoyoqTlEEZNV3NrJckDxHKHTAbn-1jAwSD-Rb8zSSkB8FZTvIF25j0n0lrSLe587GFs7FzK64FUFYBZ1CKRdmtpeQy&amp;__tn__=-]K-R\"><span class=\"nc684nl6\">Adrien Trybucki<\/span><\/a><span style=\"font-size: inherit; letter-spacing: 0.1rem;\"> fait parti de cette g\u00e9n\u00e9ration de compositeurs \u00e9mergents \u00e0 suivre. Apr\u00e8s un master au <\/span><a class=\"oajrlxb2 g5ia77u1 qu0x051f esr5mh6w e9989ue4 r7d6kgcz rq0escxv nhd2j8a9 nc684nl6 p7hjln8o kvgmc6g5 cxmmr5t8 oygrvhab hcukyx3x jb3vyjys rz4wbd8a qt6c0cv9 a8nywdso i1ao9s8h esuyzwwr f1sip0of lzcic4wl q66pz984 gpro0wi8 b1v8xokw\" style=\"font-size: inherit; letter-spacing: 0.1rem;\" tabindex=\"0\" role=\"link\" href=\"https:\/\/www.facebook.com\/CNSMDLyon\/?__cft__[0]=AZW_uOVAevPuJ0jr-8Avz8wvQ8Z75wzKurkHtdypcZsQeDv0Ch-Hah-UT1a5R8OoyoqTlEEZNV3NrJckDxHKHTAbn-1jAwSD-Rb8zSSkB8FZTvIF25j0n0lrSLe587GFs7FzK64FUFYBZ1CKRdmtpeQy&amp;__tn__=kK-R\"><span class=\"nc684nl6\">Conservatoire national sup\u00e9rieur musique et danse de Lyon<\/span><\/a><span style=\"font-size: inherit; letter-spacing: 0.1rem;\"> et un passage par l&#8217;<\/span><a class=\"oajrlxb2 g5ia77u1 qu0x051f esr5mh6w e9989ue4 r7d6kgcz rq0escxv nhd2j8a9 nc684nl6 p7hjln8o kvgmc6g5 cxmmr5t8 oygrvhab hcukyx3x jb3vyjys rz4wbd8a qt6c0cv9 a8nywdso i1ao9s8h esuyzwwr f1sip0of lzcic4wl q66pz984 gpro0wi8 b1v8xokw\" style=\"font-size: inherit; letter-spacing: 0.1rem;\" tabindex=\"0\" role=\"link\" href=\"https:\/\/www.facebook.com\/iIRCAM\/?__cft__[0]=AZW_uOVAevPuJ0jr-8Avz8wvQ8Z75wzKurkHtdypcZsQeDv0Ch-Hah-UT1a5R8OoyoqTlEEZNV3NrJckDxHKHTAbn-1jAwSD-Rb8zSSkB8FZTvIF25j0n0lrSLe587GFs7FzK64FUFYBZ1CKRdmtpeQy&amp;__tn__=kK-R\"><span class=\"nc684nl6\">IRCAM<\/span><\/a><span style=\"font-size: inherit; letter-spacing: 0.1rem;\">, il consacre son activit\u00e9 de compositeur aux musiques acoustiques, mixtes et \u00e9lectroniques. Dans Diffrakt, le compositeur joue avec les plus infimes entit\u00e9s musicales qui se diffusent, se r\u00e9pliquent et d\u00e9rivent.<\/span><\/p>\n<p>&nbsp;<\/p>\n<div class=\"responsive-embed\"><iframe loading=\"lazy\" title=\"Diffrakt d&#039;Adrien Trybucki I CL\u00c9S D&#039;\u00c9COUTE - Ep. 15\" width=\"500\" height=\"281\" src=\"https:\/\/www.youtube.com\/embed\/wVPP6bzt8UU?feature=oembed\" frameborder=\"0\" allow=\"accelerometer; autoplay; clipboard-write; encrypted-media; gyroscope; picture-in-picture; web-share\" referrerpolicy=\"strict-origin-when-cross-origin\" allowfullscreen><\/iframe><\/div>\n<p>&nbsp;<\/p>\n<p>Co-produit avec <a class=\"oajrlxb2 g5ia77u1 qu0x051f esr5mh6w e9989ue4 r7d6kgcz rq0escxv nhd2j8a9 nc684nl6 p7hjln8o kvgmc6g5 cxmmr5t8 oygrvhab hcukyx3x jb3vyjys rz4wbd8a qt6c0cv9 a8nywdso i1ao9s8h esuyzwwr f1sip0of lzcic4wl q66pz984 gpro0wi8 b1v8xokw\" tabindex=\"0\" role=\"link\" href=\"https:\/\/www.facebook.com\/Gramelyon\/?__cft__[0]=AZW_uOVAevPuJ0jr-8Avz8wvQ8Z75wzKurkHtdypcZsQeDv0Ch-Hah-UT1a5R8OoyoqTlEEZNV3NrJckDxHKHTAbn-1jAwSD-Rb8zSSkB8FZTvIF25j0n0lrSLe587GFs7FzK64FUFYBZ1CKRdmtpeQy&amp;__tn__=kK-R\"><span class=\"nc684nl6\">GRAME Musiques Exploratoires<\/span><\/a> et en partenariat avec le <a class=\"oajrlxb2 g5ia77u1 qu0x051f esr5mh6w e9989ue4 r7d6kgcz rq0escxv nhd2j8a9 nc684nl6 p7hjln8o kvgmc6g5 cxmmr5t8 oygrvhab hcukyx3x jb3vyjys rz4wbd8a qt6c0cv9 a8nywdso i1ao9s8h esuyzwwr f1sip0of lzcic4wl q66pz984 gpro0wi8 b1v8xokw\" tabindex=\"0\" role=\"link\" href=\"https:\/\/www.facebook.com\/CNSMDLyon\/?__cft__[0]=AZW_uOVAevPuJ0jr-8Avz8wvQ8Z75wzKurkHtdypcZsQeDv0Ch-Hah-UT1a5R8OoyoqTlEEZNV3NrJckDxHKHTAbn-1jAwSD-Rb8zSSkB8FZTvIF25j0n0lrSLe587GFs7FzK64FUFYBZ1CKRdmtpeQy&amp;__tn__=kK-R\"><span class=\"nc684nl6\">Conservatoire national sup\u00e9rieur musique et danse de Lyon<\/span><\/a><\/p>\n","protected":false},"excerpt":{"rendered":"<p>En co-production avec GRAME Musiques Exploratoires et en partenariat avec le Conservatoire national sup\u00e9rieur musique et danse de Lyon l&#8217;EOC a imagin\u00e9 un &#8220;focus jeune cr\u00e9ation&#8221;<\/p>\n","protected":false},"author":21,"featured_media":20033,"comment_status":"closed","ping_status":"open","sticky":false,"template":"","format":"standard","meta":{"_acf_changed":false,"footnotes":""},"categories":[1],"tags":[],"class_list":["post-20029","post","type-post","status-publish","format-standard","has-post-thumbnail","hentry","category-actualite"],"acf":[],"yoast_head":"<!-- This site is optimized with the Yoast SEO plugin v24.8.1 - https:\/\/yoast.com\/wordpress\/plugins\/seo\/ -->\n<title>Focus jeune cr\u00e9ation - Ensemble Orchestral Contemporain<\/title>\n<meta name=\"robots\" content=\"noindex, follow, max-snippet:-1, max-image-preview:large, max-video-preview:-1\" \/>\n<meta property=\"og:locale\" content=\"en_US\" \/>\n<meta property=\"og:type\" content=\"article\" \/>\n<meta property=\"og:title\" content=\"Focus jeune cr\u00e9ation - Ensemble Orchestral Contemporain\" \/>\n<meta property=\"og:description\" content=\"En co-production avec GRAME Musiques Exploratoires et en partenariat avec le Conservatoire national sup\u00e9rieur musique et danse de Lyon l&#8217;EOC a imagin\u00e9 un &#8220;focus jeune cr\u00e9ation&#8221;\" \/>\n<meta property=\"og:url\" content=\"https:\/\/old-eoc.dev-app.net\/focus-jeune-creation\/\" \/>\n<meta property=\"og:site_name\" content=\"Ensemble Orchestral Contemporain\" \/>\n<meta property=\"article:published_time\" content=\"2021-11-24T11:39:17+00:00\" \/>\n<meta property=\"article:modified_time\" content=\"2022-09-08T09:13:18+00:00\" \/>\n<meta property=\"og:image\" content=\"https:\/\/old-eoc.dev-app.net\/wp-content\/uploads\/2021\/11\/Capture-de\u0301cran-2021-09-16-a\u0300-16.02.15.png\" \/>\n\t<meta property=\"og:image:width\" content=\"1577\" \/>\n\t<meta property=\"og:image:height\" content=\"882\" \/>\n\t<meta property=\"og:image:type\" content=\"image\/png\" \/>\n<meta name=\"author\" content=\"Am\u00e9lie Finet\" \/>\n<meta name=\"twitter:card\" content=\"summary_large_image\" \/>\n<meta name=\"twitter:label1\" content=\"Written by\" \/>\n\t<meta name=\"twitter:data1\" content=\"Am\u00e9lie Finet\" \/>\n\t<meta name=\"twitter:label2\" content=\"Est. reading time\" \/>\n\t<meta name=\"twitter:data2\" content=\"1 minute\" \/>\n<script type=\"application\/ld+json\" class=\"yoast-schema-graph\">{\"@context\":\"https:\/\/schema.org\",\"@graph\":[{\"@type\":\"Article\",\"@id\":\"https:\/\/old-eoc.dev-app.net\/focus-jeune-creation\/#article\",\"isPartOf\":{\"@id\":\"https:\/\/old-eoc.dev-app.net\/focus-jeune-creation\/\"},\"author\":{\"name\":\"Am\u00e9lie Finet\",\"@id\":\"https:\/\/old-eoc.dev-app.net\/#\/schema\/person\/22903e18cfb1940ba9e7a40db29c84f8\"},\"headline\":\"Focus jeune cr\u00e9ation\",\"datePublished\":\"2021-11-24T11:39:17+00:00\",\"dateModified\":\"2022-09-08T09:13:18+00:00\",\"mainEntityOfPage\":{\"@id\":\"https:\/\/old-eoc.dev-app.net\/focus-jeune-creation\/\"},\"wordCount\":159,\"publisher\":{\"@id\":\"https:\/\/old-eoc.dev-app.net\/#organization\"},\"image\":{\"@id\":\"https:\/\/old-eoc.dev-app.net\/focus-jeune-creation\/#primaryimage\"},\"thumbnailUrl\":\"https:\/\/old-eoc.dev-app.net\/wp-content\/uploads\/2021\/11\/Capture-de\u0301cran-2021-09-16-a\u0300-16.02.15.png\",\"articleSection\":[\"Actualit\u00e9\"],\"inLanguage\":\"en-US\"},{\"@type\":\"WebPage\",\"@id\":\"https:\/\/old-eoc.dev-app.net\/focus-jeune-creation\/\",\"url\":\"https:\/\/old-eoc.dev-app.net\/focus-jeune-creation\/\",\"name\":\"Focus jeune cr\u00e9ation - Ensemble Orchestral Contemporain\",\"isPartOf\":{\"@id\":\"https:\/\/old-eoc.dev-app.net\/#website\"},\"primaryImageOfPage\":{\"@id\":\"https:\/\/old-eoc.dev-app.net\/focus-jeune-creation\/#primaryimage\"},\"image\":{\"@id\":\"https:\/\/old-eoc.dev-app.net\/focus-jeune-creation\/#primaryimage\"},\"thumbnailUrl\":\"https:\/\/old-eoc.dev-app.net\/wp-content\/uploads\/2021\/11\/Capture-de\u0301cran-2021-09-16-a\u0300-16.02.15.png\",\"datePublished\":\"2021-11-24T11:39:17+00:00\",\"dateModified\":\"2022-09-08T09:13:18+00:00\",\"breadcrumb\":{\"@id\":\"https:\/\/old-eoc.dev-app.net\/focus-jeune-creation\/#breadcrumb\"},\"inLanguage\":\"en-US\",\"potentialAction\":[{\"@type\":\"ReadAction\",\"target\":[\"https:\/\/old-eoc.dev-app.net\/focus-jeune-creation\/\"]}]},{\"@type\":\"ImageObject\",\"inLanguage\":\"en-US\",\"@id\":\"https:\/\/old-eoc.dev-app.net\/focus-jeune-creation\/#primaryimage\",\"url\":\"https:\/\/old-eoc.dev-app.net\/wp-content\/uploads\/2021\/11\/Capture-de\u0301cran-2021-09-16-a\u0300-16.02.15.png\",\"contentUrl\":\"https:\/\/old-eoc.dev-app.net\/wp-content\/uploads\/2021\/11\/Capture-de\u0301cran-2021-09-16-a\u0300-16.02.15.png\",\"width\":1577,\"height\":882},{\"@type\":\"BreadcrumbList\",\"@id\":\"https:\/\/old-eoc.dev-app.net\/focus-jeune-creation\/#breadcrumb\",\"itemListElement\":[{\"@type\":\"ListItem\",\"position\":1,\"name\":\"Accueil\",\"item\":\"https:\/\/old-eoc.dev-app.net\/en\/\"},{\"@type\":\"ListItem\",\"position\":2,\"name\":\"Focus jeune cr\u00e9ation\"}]},{\"@type\":\"WebSite\",\"@id\":\"https:\/\/old-eoc.dev-app.net\/#website\",\"url\":\"https:\/\/old-eoc.dev-app.net\/\",\"name\":\"Ensemble Orchestral Contemporain\",\"description\":\"Direction Daniel Kawka\",\"publisher\":{\"@id\":\"https:\/\/old-eoc.dev-app.net\/#organization\"},\"potentialAction\":[{\"@type\":\"SearchAction\",\"target\":{\"@type\":\"EntryPoint\",\"urlTemplate\":\"https:\/\/old-eoc.dev-app.net\/?s={search_term_string}\"},\"query-input\":{\"@type\":\"PropertyValueSpecification\",\"valueRequired\":true,\"valueName\":\"search_term_string\"}}],\"inLanguage\":\"en-US\"},{\"@type\":\"Organization\",\"@id\":\"https:\/\/old-eoc.dev-app.net\/#organization\",\"name\":\"Ensemble Orchestral Contemporain\",\"url\":\"https:\/\/old-eoc.dev-app.net\/\",\"logo\":{\"@type\":\"ImageObject\",\"inLanguage\":\"en-US\",\"@id\":\"https:\/\/old-eoc.dev-app.net\/#\/schema\/logo\/image\/\",\"url\":\"https:\/\/old-eoc.dev-app.net\/wp-content\/uploads\/2024\/02\/cropped-admin-ajax2.jpg\",\"contentUrl\":\"https:\/\/old-eoc.dev-app.net\/wp-content\/uploads\/2024\/02\/cropped-admin-ajax2.jpg\",\"width\":148,\"height\":79,\"caption\":\"Ensemble Orchestral Contemporain\"},\"image\":{\"@id\":\"https:\/\/old-eoc.dev-app.net\/#\/schema\/logo\/image\/\"},\"sameAs\":[\"https:\/\/www.youtube.com\/user\/EnsembleEOC\"]},{\"@type\":\"Person\",\"@id\":\"https:\/\/old-eoc.dev-app.net\/#\/schema\/person\/22903e18cfb1940ba9e7a40db29c84f8\",\"name\":\"Am\u00e9lie Finet\",\"image\":{\"@type\":\"ImageObject\",\"inLanguage\":\"en-US\",\"@id\":\"https:\/\/old-eoc.dev-app.net\/#\/schema\/person\/image\/\",\"url\":\"https:\/\/secure.gravatar.com\/avatar\/2e0bfbdf5d8965d17c4d51755bcfc940?s=96&d=mm&r=g\",\"contentUrl\":\"https:\/\/secure.gravatar.com\/avatar\/2e0bfbdf5d8965d17c4d51755bcfc940?s=96&d=mm&r=g\",\"caption\":\"Am\u00e9lie Finet\"},\"url\":\"https:\/\/old-eoc.dev-app.net\/en\/author\/mhermant\/\"}]}<\/script>\n<!-- \/ Yoast SEO plugin. -->","yoast_head_json":{"title":"Focus jeune cr\u00e9ation - Ensemble Orchestral Contemporain","robots":{"index":"noindex","follow":"follow","max-snippet":"max-snippet:-1","max-image-preview":"max-image-preview:large","max-video-preview":"max-video-preview:-1"},"og_locale":"en_US","og_type":"article","og_title":"Focus jeune cr\u00e9ation - Ensemble Orchestral Contemporain","og_description":"En co-production avec GRAME Musiques Exploratoires et en partenariat avec le Conservatoire national sup\u00e9rieur musique et danse de Lyon l&#8217;EOC a imagin\u00e9 un &#8220;focus jeune cr\u00e9ation&#8221;","og_url":"https:\/\/old-eoc.dev-app.net\/focus-jeune-creation\/","og_site_name":"Ensemble Orchestral Contemporain","article_published_time":"2021-11-24T11:39:17+00:00","article_modified_time":"2022-09-08T09:13:18+00:00","og_image":[{"width":1577,"height":882,"url":"https:\/\/old-eoc.dev-app.net\/wp-content\/uploads\/2021\/11\/Capture-de\u0301cran-2021-09-16-a\u0300-16.02.15.png","type":"image\/png"}],"author":"Am\u00e9lie Finet","twitter_card":"summary_large_image","twitter_misc":{"Written by":"Am\u00e9lie Finet","Est. reading time":"1 minute"},"schema":{"@context":"https:\/\/schema.org","@graph":[{"@type":"Article","@id":"https:\/\/old-eoc.dev-app.net\/focus-jeune-creation\/#article","isPartOf":{"@id":"https:\/\/old-eoc.dev-app.net\/focus-jeune-creation\/"},"author":{"name":"Am\u00e9lie Finet","@id":"https:\/\/old-eoc.dev-app.net\/#\/schema\/person\/22903e18cfb1940ba9e7a40db29c84f8"},"headline":"Focus jeune cr\u00e9ation","datePublished":"2021-11-24T11:39:17+00:00","dateModified":"2022-09-08T09:13:18+00:00","mainEntityOfPage":{"@id":"https:\/\/old-eoc.dev-app.net\/focus-jeune-creation\/"},"wordCount":159,"publisher":{"@id":"https:\/\/old-eoc.dev-app.net\/#organization"},"image":{"@id":"https:\/\/old-eoc.dev-app.net\/focus-jeune-creation\/#primaryimage"},"thumbnailUrl":"https:\/\/old-eoc.dev-app.net\/wp-content\/uploads\/2021\/11\/Capture-de\u0301cran-2021-09-16-a\u0300-16.02.15.png","articleSection":["Actualit\u00e9"],"inLanguage":"en-US"},{"@type":"WebPage","@id":"https:\/\/old-eoc.dev-app.net\/focus-jeune-creation\/","url":"https:\/\/old-eoc.dev-app.net\/focus-jeune-creation\/","name":"Focus jeune cr\u00e9ation - Ensemble Orchestral Contemporain","isPartOf":{"@id":"https:\/\/old-eoc.dev-app.net\/#website"},"primaryImageOfPage":{"@id":"https:\/\/old-eoc.dev-app.net\/focus-jeune-creation\/#primaryimage"},"image":{"@id":"https:\/\/old-eoc.dev-app.net\/focus-jeune-creation\/#primaryimage"},"thumbnailUrl":"https:\/\/old-eoc.dev-app.net\/wp-content\/uploads\/2021\/11\/Capture-de\u0301cran-2021-09-16-a\u0300-16.02.15.png","datePublished":"2021-11-24T11:39:17+00:00","dateModified":"2022-09-08T09:13:18+00:00","breadcrumb":{"@id":"https:\/\/old-eoc.dev-app.net\/focus-jeune-creation\/#breadcrumb"},"inLanguage":"en-US","potentialAction":[{"@type":"ReadAction","target":["https:\/\/old-eoc.dev-app.net\/focus-jeune-creation\/"]}]},{"@type":"ImageObject","inLanguage":"en-US","@id":"https:\/\/old-eoc.dev-app.net\/focus-jeune-creation\/#primaryimage","url":"https:\/\/old-eoc.dev-app.net\/wp-content\/uploads\/2021\/11\/Capture-de\u0301cran-2021-09-16-a\u0300-16.02.15.png","contentUrl":"https:\/\/old-eoc.dev-app.net\/wp-content\/uploads\/2021\/11\/Capture-de\u0301cran-2021-09-16-a\u0300-16.02.15.png","width":1577,"height":882},{"@type":"BreadcrumbList","@id":"https:\/\/old-eoc.dev-app.net\/focus-jeune-creation\/#breadcrumb","itemListElement":[{"@type":"ListItem","position":1,"name":"Accueil","item":"https:\/\/old-eoc.dev-app.net\/en\/"},{"@type":"ListItem","position":2,"name":"Focus jeune cr\u00e9ation"}]},{"@type":"WebSite","@id":"https:\/\/old-eoc.dev-app.net\/#website","url":"https:\/\/old-eoc.dev-app.net\/","name":"Ensemble Orchestral Contemporain","description":"Direction Daniel Kawka","publisher":{"@id":"https:\/\/old-eoc.dev-app.net\/#organization"},"potentialAction":[{"@type":"SearchAction","target":{"@type":"EntryPoint","urlTemplate":"https:\/\/old-eoc.dev-app.net\/?s={search_term_string}"},"query-input":{"@type":"PropertyValueSpecification","valueRequired":true,"valueName":"search_term_string"}}],"inLanguage":"en-US"},{"@type":"Organization","@id":"https:\/\/old-eoc.dev-app.net\/#organization","name":"Ensemble Orchestral Contemporain","url":"https:\/\/old-eoc.dev-app.net\/","logo":{"@type":"ImageObject","inLanguage":"en-US","@id":"https:\/\/old-eoc.dev-app.net\/#\/schema\/logo\/image\/","url":"https:\/\/old-eoc.dev-app.net\/wp-content\/uploads\/2024\/02\/cropped-admin-ajax2.jpg","contentUrl":"https:\/\/old-eoc.dev-app.net\/wp-content\/uploads\/2024\/02\/cropped-admin-ajax2.jpg","width":148,"height":79,"caption":"Ensemble Orchestral Contemporain"},"image":{"@id":"https:\/\/old-eoc.dev-app.net\/#\/schema\/logo\/image\/"},"sameAs":["https:\/\/www.youtube.com\/user\/EnsembleEOC"]},{"@type":"Person","@id":"https:\/\/old-eoc.dev-app.net\/#\/schema\/person\/22903e18cfb1940ba9e7a40db29c84f8","name":"Am\u00e9lie Finet","image":{"@type":"ImageObject","inLanguage":"en-US","@id":"https:\/\/old-eoc.dev-app.net\/#\/schema\/person\/image\/","url":"https:\/\/secure.gravatar.com\/avatar\/2e0bfbdf5d8965d17c4d51755bcfc940?s=96&d=mm&r=g","contentUrl":"https:\/\/secure.gravatar.com\/avatar\/2e0bfbdf5d8965d17c4d51755bcfc940?s=96&d=mm&r=g","caption":"Am\u00e9lie Finet"},"url":"https:\/\/old-eoc.dev-app.net\/en\/author\/mhermant\/"}]}},"_links":{"self":[{"href":"https:\/\/old-eoc.dev-app.net\/en\/wp-json\/wp\/v2\/posts\/20029","targetHints":{"allow":["GET"]}}],"collection":[{"href":"https:\/\/old-eoc.dev-app.net\/en\/wp-json\/wp\/v2\/posts"}],"about":[{"href":"https:\/\/old-eoc.dev-app.net\/en\/wp-json\/wp\/v2\/types\/post"}],"author":[{"embeddable":true,"href":"https:\/\/old-eoc.dev-app.net\/en\/wp-json\/wp\/v2\/users\/21"}],"replies":[{"embeddable":true,"href":"https:\/\/old-eoc.dev-app.net\/en\/wp-json\/wp\/v2\/comments?post=20029"}],"version-history":[{"count":0,"href":"https:\/\/old-eoc.dev-app.net\/en\/wp-json\/wp\/v2\/posts\/20029\/revisions"}],"wp:featuredmedia":[{"embeddable":true,"href":"https:\/\/old-eoc.dev-app.net\/en\/wp-json\/wp\/v2\/media\/20033"}],"wp:attachment":[{"href":"https:\/\/old-eoc.dev-app.net\/en\/wp-json\/wp\/v2\/media?parent=20029"}],"wp:term":[{"taxonomy":"category","embeddable":true,"href":"https:\/\/old-eoc.dev-app.net\/en\/wp-json\/wp\/v2\/categories?post=20029"},{"taxonomy":"post_tag","embeddable":true,"href":"https:\/\/old-eoc.dev-app.net\/en\/wp-json\/wp\/v2\/tags?post=20029"}],"curies":[{"name":"wp","href":"https:\/\/api.w.org\/{rel}","templated":true}]}}