{"id":19511,"date":"2021-10-19T17:16:15","date_gmt":"2021-10-19T15:16:15","guid":{"rendered":"https:\/\/old-eoc.dev-app.net\/?p=19511"},"modified":"2022-03-22T15:49:14","modified_gmt":"2022-03-22T14:49:14","slug":"petit-dejeuner-presse","status":"publish","type":"post","link":"https:\/\/old-eoc.dev-app.net\/en\/petit-dejeuner-presse\/","title":{"rendered":"Petit d\u00e9jeuner presse"},"content":{"rendered":"<p>L&#8217;EOC a organis\u00e9 un petit d\u00e9jeuner de presse le 21 octobre pour pr\u00e9senter sa nouvelle saison culturelle<\/p>\n<p><!--more--><\/p>\n<p class=\"p1\">Jeudi 21 octobre 2021, en pr\u00e9ambule du concert inaugural \u00e0 l\u2019Op\u00e9ra de Saint-\u00c9tienne, s\u2019est tenue la pr\u00e9sentation de saison 2021-2022 de l\u2019EOC. Anim\u00e9e par Bruno Mantovani, directeur artistique et musical de l\u2019EOC, ce petit d\u00e9jeuner de presse a r\u00e9uni sur sc\u00e8ne :<\/p>\n<p class=\"p1\">&#8211; Ga\u00ebl Perdriau, Maire de Saint-\u00c9tienne et Pr\u00e9sident de Saint-\u00c9tienne M\u00e9tropole<br \/>\n-Marc Chassaub\u00e9n\u00e9, Adjoint au Maire de Saint-\u00c9tienne et Vice-Pr\u00e9sident de Saint-\u00c9tienne M\u00e9tropole<br \/>\n&#8211; Julien Caron, Directeur g\u00e9n\u00e9ral du Festival de La Chaise-Dieu<br \/>\n&#8211; Lila Forcade, Directrice g\u00e9n\u00e9rale de l\u2019Orchestre National d\u2019Auvergne<br \/>\n&#8211; Boris-Numa Damestoy, Directeur du Conservatoire Massenet de Saint-\u00c9tienne<\/p>\n<p>&nbsp;<\/p>\n<p><a href=\"https:\/\/old-eoc.dev-app.net\/wp-content\/uploads\/2021\/11\/communique\u0301-de-presse-rhapsodie-presentation-de-saison.pdf\" target=\"_blank\" rel=\"noopener\">T\u00e9l\u00e9charger le communiqu\u00e9 de presse<\/a><\/p>\n<p>&nbsp;<\/p>\n<p>Contact : Marion Hermant, hermant@eoc.fr<\/p>\n<p>&nbsp;<\/p>\n<p><small>Ev\u00e9nement r\u00e9serv\u00e9 \u00e0 la presse ou sur pr\u00e9sentation d&#8217;une invitation<\/small><\/p>\n<p>&nbsp;<\/p>\n","protected":false},"excerpt":{"rendered":"<p>L&#8217;EOC a organis\u00e9 un petit d\u00e9jeuner de presse le 21 octobre pour pr\u00e9senter sa nouvelle saison culturelle<\/p>\n","protected":false},"author":21,"featured_media":19916,"comment_status":"closed","ping_status":"open","sticky":false,"template":"","format":"standard","meta":{"_acf_changed":false,"footnotes":""},"categories":[1],"tags":[],"class_list":["post-19511","post","type-post","status-publish","format-standard","has-post-thumbnail","hentry","category-actualite"],"acf":[],"yoast_head":"<!-- This site is optimized with the Yoast SEO plugin v24.8.1 - https:\/\/yoast.com\/wordpress\/plugins\/seo\/ -->\n<title>Petit d\u00e9jeuner presse - Ensemble Orchestral Contemporain<\/title>\n<meta name=\"robots\" content=\"noindex, follow, max-snippet:-1, max-image-preview:large, max-video-preview:-1\" \/>\n<meta property=\"og:locale\" content=\"en_US\" \/>\n<meta property=\"og:type\" content=\"article\" \/>\n<meta property=\"og:title\" content=\"Petit d\u00e9jeuner presse - Ensemble Orchestral Contemporain\" \/>\n<meta property=\"og:description\" content=\"L&#8217;EOC a organis\u00e9 un petit d\u00e9jeuner de presse le 21 octobre pour pr\u00e9senter sa nouvelle saison culturelle\" \/>\n<meta property=\"og:url\" content=\"https:\/\/old-eoc.dev-app.net\/petit-dejeuner-presse\/\" \/>\n<meta property=\"og:site_name\" content=\"Ensemble Orchestral Contemporain\" \/>\n<meta property=\"article:published_time\" content=\"2021-10-19T15:16:15+00:00\" \/>\n<meta property=\"article:modified_time\" content=\"2022-03-22T14:49:14+00:00\" \/>\n<meta property=\"og:image\" content=\"https:\/\/old-eoc.dev-app.net\/wp-content\/uploads\/2021\/10\/conference-211021-EOC-scaled.jpg\" \/>\n\t<meta property=\"og:image:width\" content=\"1920\" \/>\n\t<meta property=\"og:image:height\" content=\"1440\" \/>\n\t<meta property=\"og:image:type\" content=\"image\/jpeg\" \/>\n<meta name=\"author\" content=\"Am\u00e9lie Finet\" \/>\n<meta name=\"twitter:card\" content=\"summary_large_image\" \/>\n<meta name=\"twitter:label1\" content=\"Written by\" \/>\n\t<meta name=\"twitter:data1\" content=\"Am\u00e9lie Finet\" \/>\n\t<meta name=\"twitter:label2\" content=\"Est. reading time\" \/>\n\t<meta name=\"twitter:data2\" content=\"1 minute\" \/>\n<script type=\"application\/ld+json\" class=\"yoast-schema-graph\">{\"@context\":\"https:\/\/schema.org\",\"@graph\":[{\"@type\":\"Article\",\"@id\":\"https:\/\/old-eoc.dev-app.net\/petit-dejeuner-presse\/#article\",\"isPartOf\":{\"@id\":\"https:\/\/old-eoc.dev-app.net\/petit-dejeuner-presse\/\"},\"author\":{\"name\":\"Am\u00e9lie Finet\",\"@id\":\"https:\/\/old-eoc.dev-app.net\/#\/schema\/person\/22903e18cfb1940ba9e7a40db29c84f8\"},\"headline\":\"Petit d\u00e9jeuner presse\",\"datePublished\":\"2021-10-19T15:16:15+00:00\",\"dateModified\":\"2022-03-22T14:49:14+00:00\",\"mainEntityOfPage\":{\"@id\":\"https:\/\/old-eoc.dev-app.net\/petit-dejeuner-presse\/\"},\"wordCount\":171,\"publisher\":{\"@id\":\"https:\/\/old-eoc.dev-app.net\/#organization\"},\"image\":{\"@id\":\"https:\/\/old-eoc.dev-app.net\/petit-dejeuner-presse\/#primaryimage\"},\"thumbnailUrl\":\"https:\/\/old-eoc.dev-app.net\/wp-content\/uploads\/2021\/10\/conference-211021-EOC-scaled.jpg\",\"articleSection\":[\"Actualit\u00e9\"],\"inLanguage\":\"en-US\"},{\"@type\":\"WebPage\",\"@id\":\"https:\/\/old-eoc.dev-app.net\/petit-dejeuner-presse\/\",\"url\":\"https:\/\/old-eoc.dev-app.net\/petit-dejeuner-presse\/\",\"name\":\"Petit d\u00e9jeuner presse - Ensemble Orchestral Contemporain\",\"isPartOf\":{\"@id\":\"https:\/\/old-eoc.dev-app.net\/#website\"},\"primaryImageOfPage\":{\"@id\":\"https:\/\/old-eoc.dev-app.net\/petit-dejeuner-presse\/#primaryimage\"},\"image\":{\"@id\":\"https:\/\/old-eoc.dev-app.net\/petit-dejeuner-presse\/#primaryimage\"},\"thumbnailUrl\":\"https:\/\/old-eoc.dev-app.net\/wp-content\/uploads\/2021\/10\/conference-211021-EOC-scaled.jpg\",\"datePublished\":\"2021-10-19T15:16:15+00:00\",\"dateModified\":\"2022-03-22T14:49:14+00:00\",\"breadcrumb\":{\"@id\":\"https:\/\/old-eoc.dev-app.net\/petit-dejeuner-presse\/#breadcrumb\"},\"inLanguage\":\"en-US\",\"potentialAction\":[{\"@type\":\"ReadAction\",\"target\":[\"https:\/\/old-eoc.dev-app.net\/petit-dejeuner-presse\/\"]}]},{\"@type\":\"ImageObject\",\"inLanguage\":\"en-US\",\"@id\":\"https:\/\/old-eoc.dev-app.net\/petit-dejeuner-presse\/#primaryimage\",\"url\":\"https:\/\/old-eoc.dev-app.net\/wp-content\/uploads\/2021\/10\/conference-211021-EOC-scaled.jpg\",\"contentUrl\":\"https:\/\/old-eoc.dev-app.net\/wp-content\/uploads\/2021\/10\/conference-211021-EOC-scaled.jpg\",\"width\":1920,\"height\":1440},{\"@type\":\"BreadcrumbList\",\"@id\":\"https:\/\/old-eoc.dev-app.net\/petit-dejeuner-presse\/#breadcrumb\",\"itemListElement\":[{\"@type\":\"ListItem\",\"position\":1,\"name\":\"Accueil\",\"item\":\"https:\/\/old-eoc.dev-app.net\/en\/\"},{\"@type\":\"ListItem\",\"position\":2,\"name\":\"Petit d\u00e9jeuner presse\"}]},{\"@type\":\"WebSite\",\"@id\":\"https:\/\/old-eoc.dev-app.net\/#website\",\"url\":\"https:\/\/old-eoc.dev-app.net\/\",\"name\":\"Ensemble Orchestral Contemporain\",\"description\":\"Direction Daniel Kawka\",\"publisher\":{\"@id\":\"https:\/\/old-eoc.dev-app.net\/#organization\"},\"potentialAction\":[{\"@type\":\"SearchAction\",\"target\":{\"@type\":\"EntryPoint\",\"urlTemplate\":\"https:\/\/old-eoc.dev-app.net\/?s={search_term_string}\"},\"query-input\":{\"@type\":\"PropertyValueSpecification\",\"valueRequired\":true,\"valueName\":\"search_term_string\"}}],\"inLanguage\":\"en-US\"},{\"@type\":\"Organization\",\"@id\":\"https:\/\/old-eoc.dev-app.net\/#organization\",\"name\":\"Ensemble Orchestral Contemporain\",\"url\":\"https:\/\/old-eoc.dev-app.net\/\",\"logo\":{\"@type\":\"ImageObject\",\"inLanguage\":\"en-US\",\"@id\":\"https:\/\/old-eoc.dev-app.net\/#\/schema\/logo\/image\/\",\"url\":\"https:\/\/old-eoc.dev-app.net\/wp-content\/uploads\/2024\/02\/cropped-admin-ajax2.jpg\",\"contentUrl\":\"https:\/\/old-eoc.dev-app.net\/wp-content\/uploads\/2024\/02\/cropped-admin-ajax2.jpg\",\"width\":148,\"height\":79,\"caption\":\"Ensemble Orchestral Contemporain\"},\"image\":{\"@id\":\"https:\/\/old-eoc.dev-app.net\/#\/schema\/logo\/image\/\"},\"sameAs\":[\"https:\/\/www.youtube.com\/user\/EnsembleEOC\"]},{\"@type\":\"Person\",\"@id\":\"https:\/\/old-eoc.dev-app.net\/#\/schema\/person\/22903e18cfb1940ba9e7a40db29c84f8\",\"name\":\"Am\u00e9lie Finet\",\"image\":{\"@type\":\"ImageObject\",\"inLanguage\":\"en-US\",\"@id\":\"https:\/\/old-eoc.dev-app.net\/#\/schema\/person\/image\/\",\"url\":\"https:\/\/secure.gravatar.com\/avatar\/2e0bfbdf5d8965d17c4d51755bcfc940?s=96&d=mm&r=g\",\"contentUrl\":\"https:\/\/secure.gravatar.com\/avatar\/2e0bfbdf5d8965d17c4d51755bcfc940?s=96&d=mm&r=g\",\"caption\":\"Am\u00e9lie Finet\"},\"url\":\"https:\/\/old-eoc.dev-app.net\/en\/author\/mhermant\/\"}]}<\/script>\n<!-- \/ Yoast SEO plugin. -->","yoast_head_json":{"title":"Petit d\u00e9jeuner presse - Ensemble Orchestral Contemporain","robots":{"index":"noindex","follow":"follow","max-snippet":"max-snippet:-1","max-image-preview":"max-image-preview:large","max-video-preview":"max-video-preview:-1"},"og_locale":"en_US","og_type":"article","og_title":"Petit d\u00e9jeuner presse - Ensemble Orchestral Contemporain","og_description":"L&#8217;EOC a organis\u00e9 un petit d\u00e9jeuner de presse le 21 octobre pour pr\u00e9senter sa nouvelle saison culturelle","og_url":"https:\/\/old-eoc.dev-app.net\/petit-dejeuner-presse\/","og_site_name":"Ensemble Orchestral Contemporain","article_published_time":"2021-10-19T15:16:15+00:00","article_modified_time":"2022-03-22T14:49:14+00:00","og_image":[{"width":1920,"height":1440,"url":"https:\/\/old-eoc.dev-app.net\/wp-content\/uploads\/2021\/10\/conference-211021-EOC-scaled.jpg","type":"image\/jpeg"}],"author":"Am\u00e9lie Finet","twitter_card":"summary_large_image","twitter_misc":{"Written by":"Am\u00e9lie Finet","Est. reading time":"1 minute"},"schema":{"@context":"https:\/\/schema.org","@graph":[{"@type":"Article","@id":"https:\/\/old-eoc.dev-app.net\/petit-dejeuner-presse\/#article","isPartOf":{"@id":"https:\/\/old-eoc.dev-app.net\/petit-dejeuner-presse\/"},"author":{"name":"Am\u00e9lie Finet","@id":"https:\/\/old-eoc.dev-app.net\/#\/schema\/person\/22903e18cfb1940ba9e7a40db29c84f8"},"headline":"Petit d\u00e9jeuner presse","datePublished":"2021-10-19T15:16:15+00:00","dateModified":"2022-03-22T14:49:14+00:00","mainEntityOfPage":{"@id":"https:\/\/old-eoc.dev-app.net\/petit-dejeuner-presse\/"},"wordCount":171,"publisher":{"@id":"https:\/\/old-eoc.dev-app.net\/#organization"},"image":{"@id":"https:\/\/old-eoc.dev-app.net\/petit-dejeuner-presse\/#primaryimage"},"thumbnailUrl":"https:\/\/old-eoc.dev-app.net\/wp-content\/uploads\/2021\/10\/conference-211021-EOC-scaled.jpg","articleSection":["Actualit\u00e9"],"inLanguage":"en-US"},{"@type":"WebPage","@id":"https:\/\/old-eoc.dev-app.net\/petit-dejeuner-presse\/","url":"https:\/\/old-eoc.dev-app.net\/petit-dejeuner-presse\/","name":"Petit d\u00e9jeuner presse - Ensemble Orchestral Contemporain","isPartOf":{"@id":"https:\/\/old-eoc.dev-app.net\/#website"},"primaryImageOfPage":{"@id":"https:\/\/old-eoc.dev-app.net\/petit-dejeuner-presse\/#primaryimage"},"image":{"@id":"https:\/\/old-eoc.dev-app.net\/petit-dejeuner-presse\/#primaryimage"},"thumbnailUrl":"https:\/\/old-eoc.dev-app.net\/wp-content\/uploads\/2021\/10\/conference-211021-EOC-scaled.jpg","datePublished":"2021-10-19T15:16:15+00:00","dateModified":"2022-03-22T14:49:14+00:00","breadcrumb":{"@id":"https:\/\/old-eoc.dev-app.net\/petit-dejeuner-presse\/#breadcrumb"},"inLanguage":"en-US","potentialAction":[{"@type":"ReadAction","target":["https:\/\/old-eoc.dev-app.net\/petit-dejeuner-presse\/"]}]},{"@type":"ImageObject","inLanguage":"en-US","@id":"https:\/\/old-eoc.dev-app.net\/petit-dejeuner-presse\/#primaryimage","url":"https:\/\/old-eoc.dev-app.net\/wp-content\/uploads\/2021\/10\/conference-211021-EOC-scaled.jpg","contentUrl":"https:\/\/old-eoc.dev-app.net\/wp-content\/uploads\/2021\/10\/conference-211021-EOC-scaled.jpg","width":1920,"height":1440},{"@type":"BreadcrumbList","@id":"https:\/\/old-eoc.dev-app.net\/petit-dejeuner-presse\/#breadcrumb","itemListElement":[{"@type":"ListItem","position":1,"name":"Accueil","item":"https:\/\/old-eoc.dev-app.net\/en\/"},{"@type":"ListItem","position":2,"name":"Petit d\u00e9jeuner presse"}]},{"@type":"WebSite","@id":"https:\/\/old-eoc.dev-app.net\/#website","url":"https:\/\/old-eoc.dev-app.net\/","name":"Ensemble Orchestral Contemporain","description":"Direction Daniel Kawka","publisher":{"@id":"https:\/\/old-eoc.dev-app.net\/#organization"},"potentialAction":[{"@type":"SearchAction","target":{"@type":"EntryPoint","urlTemplate":"https:\/\/old-eoc.dev-app.net\/?s={search_term_string}"},"query-input":{"@type":"PropertyValueSpecification","valueRequired":true,"valueName":"search_term_string"}}],"inLanguage":"en-US"},{"@type":"Organization","@id":"https:\/\/old-eoc.dev-app.net\/#organization","name":"Ensemble Orchestral Contemporain","url":"https:\/\/old-eoc.dev-app.net\/","logo":{"@type":"ImageObject","inLanguage":"en-US","@id":"https:\/\/old-eoc.dev-app.net\/#\/schema\/logo\/image\/","url":"https:\/\/old-eoc.dev-app.net\/wp-content\/uploads\/2024\/02\/cropped-admin-ajax2.jpg","contentUrl":"https:\/\/old-eoc.dev-app.net\/wp-content\/uploads\/2024\/02\/cropped-admin-ajax2.jpg","width":148,"height":79,"caption":"Ensemble Orchestral Contemporain"},"image":{"@id":"https:\/\/old-eoc.dev-app.net\/#\/schema\/logo\/image\/"},"sameAs":["https:\/\/www.youtube.com\/user\/EnsembleEOC"]},{"@type":"Person","@id":"https:\/\/old-eoc.dev-app.net\/#\/schema\/person\/22903e18cfb1940ba9e7a40db29c84f8","name":"Am\u00e9lie Finet","image":{"@type":"ImageObject","inLanguage":"en-US","@id":"https:\/\/old-eoc.dev-app.net\/#\/schema\/person\/image\/","url":"https:\/\/secure.gravatar.com\/avatar\/2e0bfbdf5d8965d17c4d51755bcfc940?s=96&d=mm&r=g","contentUrl":"https:\/\/secure.gravatar.com\/avatar\/2e0bfbdf5d8965d17c4d51755bcfc940?s=96&d=mm&r=g","caption":"Am\u00e9lie Finet"},"url":"https:\/\/old-eoc.dev-app.net\/en\/author\/mhermant\/"}]}},"_links":{"self":[{"href":"https:\/\/old-eoc.dev-app.net\/en\/wp-json\/wp\/v2\/posts\/19511","targetHints":{"allow":["GET"]}}],"collection":[{"href":"https:\/\/old-eoc.dev-app.net\/en\/wp-json\/wp\/v2\/posts"}],"about":[{"href":"https:\/\/old-eoc.dev-app.net\/en\/wp-json\/wp\/v2\/types\/post"}],"author":[{"embeddable":true,"href":"https:\/\/old-eoc.dev-app.net\/en\/wp-json\/wp\/v2\/users\/21"}],"replies":[{"embeddable":true,"href":"https:\/\/old-eoc.dev-app.net\/en\/wp-json\/wp\/v2\/comments?post=19511"}],"version-history":[{"count":0,"href":"https:\/\/old-eoc.dev-app.net\/en\/wp-json\/wp\/v2\/posts\/19511\/revisions"}],"wp:featuredmedia":[{"embeddable":true,"href":"https:\/\/old-eoc.dev-app.net\/en\/wp-json\/wp\/v2\/media\/19916"}],"wp:attachment":[{"href":"https:\/\/old-eoc.dev-app.net\/en\/wp-json\/wp\/v2\/media?parent=19511"}],"wp:term":[{"taxonomy":"category","embeddable":true,"href":"https:\/\/old-eoc.dev-app.net\/en\/wp-json\/wp\/v2\/categories?post=19511"},{"taxonomy":"post_tag","embeddable":true,"href":"https:\/\/old-eoc.dev-app.net\/en\/wp-json\/wp\/v2\/tags?post=19511"}],"curies":[{"name":"wp","href":"https:\/\/api.w.org\/{rel}","templated":true}]}}