{"id":18688,"date":"2021-09-16T16:13:13","date_gmt":"2021-09-16T14:13:13","guid":{"rendered":"https:\/\/old-eoc.dev-app.net\/?p=18688"},"modified":"2022-09-12T11:56:04","modified_gmt":"2022-09-12T09:56:04","slug":"rhapsodie","status":"publish","type":"post","link":"https:\/\/old-eoc.dev-app.net\/en\/rhapsodie\/","title":{"rendered":"D\u00e9couvrez notre saison 2022-2023"},"content":{"rendered":"<h3><strong>Mouvement !<\/strong><\/h3>\n<p class=\"p1\">&#8221; En s\u2019\u00e9mancipant du syst\u00e8me tonal et en proposant de nouveaux outils pour structurer le discours musical, Arnold Schoenberg, Alban Berg et Anton Webern ont trac\u00e9 une voie fertile dont la cr\u00e9ation la plus actuelle appara\u00eet comme un v\u00e9ritable aboutissement. Lors de mon arriv\u00e9e \u00e0 la direction de l\u2019Ensemble Orchestral Contemporain, il m\u2019a sembl\u00e9 n\u00e9cessaire de mettre en perspective les musiciens d\u2019aujourd\u2019hui avec leurs trois a\u00een\u00e9s car ces derniers ont v\u00e9ritablement invent\u00e9 la \u00ab langue maternelle \u00bb de la modernit\u00e9 sonore. Dans les \u00ab Cl\u00e9s d\u2019\u00e9coute \u00bb que l\u2019on peut visionner sur internet comme lors des nombreux concerts donn\u00e9s dans les saisons pr\u00e9c\u00e9dentes, la Seconde \u00c9cole de Vienne a souvent \u00e9t\u00e9 \u00e0 l\u2019honneur ; dans les mois \u00e0 venir, les deux chefs d\u2019oeuvre que sont le <em>Pierrot lunaire<\/em> et le <em>Concerto \u00e0 la m\u00e9moire d\u2019un ange <\/em>rythmeront une programmation plac\u00e9e sous le signe de la rencontre avec deux autres formations : l\u2019Ensemble Darcos implant\u00e9 \u00e0 Faro au Portugal et l\u2019Orchestre National d\u2019Auvergne, partenaire r\u00e9gulier de l\u2019EOC. L\u2019histoire plus r\u00e9cente sera aussi c\u00e9l\u00e9br\u00e9e avec la musique de Giorgy Ligeti et avec deux compositeurs fid\u00e8les de l\u2019ensemble : Philippe Manoury et Alessandro Solbiati.<\/p>\n<p class=\"p1\">Cette saison marquera aussi la parution d\u2019un disque monographique consacr\u00e9 \u00e0 \u00c9dith Canat de Chizy qui fut en r\u00e9sidence aupr\u00e8s de l\u2019EOC entre 2020 et 2022 et la poursuite de la collaboration avec Marc Monnet qui a succ\u00e9d\u00e9 \u00e0 cette derni\u00e8re. D\u2019autres grandes figures marquantes de la musique contemporaine comme Betsy Jolas ou Sophie Lacaze seront aussi \u00e0 l\u2019honneur. L\u2019EOC participera aux c\u00e9l\u00e9brations du quaranti\u00e8me anniversaire du GRAME, centre de recherche et de production dont l\u2019histoire est intimement li\u00e9e \u00e0 celle de l\u2019ensemble. \u00c0 cette occasion, les oeuvres de Misato Mochizuki, Xu Yi et Aur\u00e9lien Dumont seront propos\u00e9es en m\u00eame temps qu\u2019une cr\u00e9ation de Gilbert Amy. La pr\u00e9sence de l\u2019ensemble au Printemps des Arts de Monte Carlo sera double, d\u2019une part lors d\u2019un cin\u00e9-concert confi\u00e9 au Quatuor En\u00e9ide form\u00e9 d\u2019actuels et anciens musiciens de l\u2019EOC et d\u2019autre part avec une cr\u00e9ation de notre fl\u00fbtiste Fabrice Ju\u0308nger autour de mythes am\u00e9ricains.<\/p>\n<p class=\"p1\">Enfin cette saison verra la pr\u00e9sence de l\u2019ensemble particuli\u00e8rement renforc\u00e9e sur le territoire lig\u00e9rien dans le cadre de la r\u00e9sidence \u00e0 l\u2019Op\u00e9ra de Saint-\u00c9tienne o\u00f9 l\u2019administration de l\u2019EOC est d\u00e9sormais install\u00e9e. Diversit\u00e9 de lieux, de temps, d\u2019esth\u00e9tiques : l\u2019Ensemble Orchestral Contemporain est une formation en mouvement, un mouvement perp\u00e9tuel qui tourne le dos \u00e0 toute nostalgie et qui consid\u00e8re l\u2019actualit\u00e9 comme le lieu de la modernit\u00e9.<\/p>\n<p style=\"text-align: right;\"><strong>Bruno Mantovani<br \/>\n<\/strong><em>Directeur artistique et musical<\/em><\/p>\n<p>&nbsp;<\/p>\n<p>D\u00e9couvrez <a href=\"https:\/\/old-eoc.dev-app.net\/wp-content\/uploads\/2022\/09\/plaquette-mouvement-eoc-22-23.pdf\">le programme<\/a> de la saison 22-23<\/p>\n","protected":false},"excerpt":{"rendered":"<p>Mouvement ! &#8221; En s\u2019\u00e9mancipant du syst\u00e8me tonal et en proposant de nouveaux outils pour structurer le discours musical, Arnold Schoenberg, Alban Berg et Anton Webern ont trac\u00e9 une voie fertile dont la cr\u00e9ation la plus actuelle appara\u00eet comme un v\u00e9ritable aboutissement. Lors de mon arriv\u00e9e \u00e0 la direction de l\u2019Ensemble Orchestral Contemporain, il m\u2019a [&hellip;]<\/p>\n","protected":false},"author":21,"featured_media":24812,"comment_status":"closed","ping_status":"open","sticky":false,"template":"","format":"standard","meta":{"_acf_changed":false,"footnotes":""},"categories":[1],"tags":[],"class_list":["post-18688","post","type-post","status-publish","format-standard","has-post-thumbnail","hentry","category-actualite"],"acf":[],"yoast_head":"<!-- This site is optimized with the Yoast SEO plugin v24.8.1 - https:\/\/yoast.com\/wordpress\/plugins\/seo\/ -->\n<title>Mouvement - saison 22\/23 - Ensemble Orchestral Contemporain<\/title>\n<meta name=\"robots\" content=\"noindex, follow, max-snippet:-1, max-image-preview:large, max-video-preview:-1\" \/>\n<meta property=\"og:locale\" content=\"en_US\" \/>\n<meta property=\"og:type\" content=\"article\" \/>\n<meta property=\"og:title\" content=\"Mouvement - saison 22\/23 - Ensemble Orchestral Contemporain\" \/>\n<meta property=\"og:description\" content=\"Mouvement ! &#8221; En s\u2019\u00e9mancipant du syst\u00e8me tonal et en proposant de nouveaux outils pour structurer le discours musical, Arnold Schoenberg, Alban Berg et Anton Webern ont trac\u00e9 une voie fertile dont la cr\u00e9ation la plus actuelle appara\u00eet comme un v\u00e9ritable aboutissement. Lors de mon arriv\u00e9e \u00e0 la direction de l\u2019Ensemble Orchestral Contemporain, il m\u2019a [&hellip;]\" \/>\n<meta property=\"og:url\" content=\"https:\/\/old-eoc.dev-app.net\/rhapsodie\/\" \/>\n<meta property=\"og:site_name\" content=\"Ensemble Orchestral Contemporain\" \/>\n<meta property=\"article:published_time\" content=\"2021-09-16T14:13:13+00:00\" \/>\n<meta property=\"article:modified_time\" content=\"2022-09-12T09:56:04+00:00\" \/>\n<meta property=\"og:image\" content=\"https:\/\/old-eoc.dev-app.net\/wp-content\/uploads\/2021\/09\/mock-up-plaquete-scaled.jpg\" \/>\n\t<meta property=\"og:image:width\" content=\"1920\" \/>\n\t<meta property=\"og:image:height\" content=\"1280\" \/>\n\t<meta property=\"og:image:type\" content=\"image\/jpeg\" \/>\n<meta name=\"author\" content=\"Am\u00e9lie Finet\" \/>\n<meta name=\"twitter:card\" content=\"summary_large_image\" \/>\n<meta name=\"twitter:label1\" content=\"Written by\" \/>\n\t<meta name=\"twitter:data1\" content=\"Am\u00e9lie Finet\" \/>\n\t<meta name=\"twitter:label2\" content=\"Est. reading time\" \/>\n\t<meta name=\"twitter:data2\" content=\"2 minutes\" \/>\n<script type=\"application\/ld+json\" class=\"yoast-schema-graph\">{\"@context\":\"https:\/\/schema.org\",\"@graph\":[{\"@type\":\"Article\",\"@id\":\"https:\/\/old-eoc.dev-app.net\/rhapsodie\/#article\",\"isPartOf\":{\"@id\":\"https:\/\/old-eoc.dev-app.net\/rhapsodie\/\"},\"author\":{\"name\":\"Am\u00e9lie Finet\",\"@id\":\"https:\/\/old-eoc.dev-app.net\/#\/schema\/person\/22903e18cfb1940ba9e7a40db29c84f8\"},\"headline\":\"D\u00e9couvrez notre saison 2022-2023\",\"datePublished\":\"2021-09-16T14:13:13+00:00\",\"dateModified\":\"2022-09-12T09:56:04+00:00\",\"mainEntityOfPage\":{\"@id\":\"https:\/\/old-eoc.dev-app.net\/rhapsodie\/\"},\"wordCount\":494,\"publisher\":{\"@id\":\"https:\/\/old-eoc.dev-app.net\/#organization\"},\"image\":{\"@id\":\"https:\/\/old-eoc.dev-app.net\/rhapsodie\/#primaryimage\"},\"thumbnailUrl\":\"https:\/\/old-eoc.dev-app.net\/wp-content\/uploads\/2021\/09\/mock-up-plaquete-scaled.jpg\",\"articleSection\":[\"Actualit\u00e9\"],\"inLanguage\":\"en-US\"},{\"@type\":\"WebPage\",\"@id\":\"https:\/\/old-eoc.dev-app.net\/rhapsodie\/\",\"url\":\"https:\/\/old-eoc.dev-app.net\/rhapsodie\/\",\"name\":\"Mouvement - saison 22\/23 - Ensemble Orchestral Contemporain\",\"isPartOf\":{\"@id\":\"https:\/\/old-eoc.dev-app.net\/#website\"},\"primaryImageOfPage\":{\"@id\":\"https:\/\/old-eoc.dev-app.net\/rhapsodie\/#primaryimage\"},\"image\":{\"@id\":\"https:\/\/old-eoc.dev-app.net\/rhapsodie\/#primaryimage\"},\"thumbnailUrl\":\"https:\/\/old-eoc.dev-app.net\/wp-content\/uploads\/2021\/09\/mock-up-plaquete-scaled.jpg\",\"datePublished\":\"2021-09-16T14:13:13+00:00\",\"dateModified\":\"2022-09-12T09:56:04+00:00\",\"breadcrumb\":{\"@id\":\"https:\/\/old-eoc.dev-app.net\/rhapsodie\/#breadcrumb\"},\"inLanguage\":\"en-US\",\"potentialAction\":[{\"@type\":\"ReadAction\",\"target\":[\"https:\/\/old-eoc.dev-app.net\/rhapsodie\/\"]}]},{\"@type\":\"ImageObject\",\"inLanguage\":\"en-US\",\"@id\":\"https:\/\/old-eoc.dev-app.net\/rhapsodie\/#primaryimage\",\"url\":\"https:\/\/old-eoc.dev-app.net\/wp-content\/uploads\/2021\/09\/mock-up-plaquete-scaled.jpg\",\"contentUrl\":\"https:\/\/old-eoc.dev-app.net\/wp-content\/uploads\/2021\/09\/mock-up-plaquete-scaled.jpg\",\"width\":1920,\"height\":1280},{\"@type\":\"BreadcrumbList\",\"@id\":\"https:\/\/old-eoc.dev-app.net\/rhapsodie\/#breadcrumb\",\"itemListElement\":[{\"@type\":\"ListItem\",\"position\":1,\"name\":\"Accueil\",\"item\":\"https:\/\/old-eoc.dev-app.net\/en\/\"},{\"@type\":\"ListItem\",\"position\":2,\"name\":\"D\u00e9couvrez notre saison 2022-2023\"}]},{\"@type\":\"WebSite\",\"@id\":\"https:\/\/old-eoc.dev-app.net\/#website\",\"url\":\"https:\/\/old-eoc.dev-app.net\/\",\"name\":\"Ensemble Orchestral Contemporain\",\"description\":\"Direction Daniel Kawka\",\"publisher\":{\"@id\":\"https:\/\/old-eoc.dev-app.net\/#organization\"},\"potentialAction\":[{\"@type\":\"SearchAction\",\"target\":{\"@type\":\"EntryPoint\",\"urlTemplate\":\"https:\/\/old-eoc.dev-app.net\/?s={search_term_string}\"},\"query-input\":{\"@type\":\"PropertyValueSpecification\",\"valueRequired\":true,\"valueName\":\"search_term_string\"}}],\"inLanguage\":\"en-US\"},{\"@type\":\"Organization\",\"@id\":\"https:\/\/old-eoc.dev-app.net\/#organization\",\"name\":\"Ensemble Orchestral Contemporain\",\"url\":\"https:\/\/old-eoc.dev-app.net\/\",\"logo\":{\"@type\":\"ImageObject\",\"inLanguage\":\"en-US\",\"@id\":\"https:\/\/old-eoc.dev-app.net\/#\/schema\/logo\/image\/\",\"url\":\"https:\/\/old-eoc.dev-app.net\/wp-content\/uploads\/2024\/02\/cropped-admin-ajax2.jpg\",\"contentUrl\":\"https:\/\/old-eoc.dev-app.net\/wp-content\/uploads\/2024\/02\/cropped-admin-ajax2.jpg\",\"width\":148,\"height\":79,\"caption\":\"Ensemble Orchestral Contemporain\"},\"image\":{\"@id\":\"https:\/\/old-eoc.dev-app.net\/#\/schema\/logo\/image\/\"},\"sameAs\":[\"https:\/\/www.youtube.com\/user\/EnsembleEOC\"]},{\"@type\":\"Person\",\"@id\":\"https:\/\/old-eoc.dev-app.net\/#\/schema\/person\/22903e18cfb1940ba9e7a40db29c84f8\",\"name\":\"Am\u00e9lie Finet\",\"image\":{\"@type\":\"ImageObject\",\"inLanguage\":\"en-US\",\"@id\":\"https:\/\/old-eoc.dev-app.net\/#\/schema\/person\/image\/\",\"url\":\"https:\/\/secure.gravatar.com\/avatar\/2e0bfbdf5d8965d17c4d51755bcfc940?s=96&d=mm&r=g\",\"contentUrl\":\"https:\/\/secure.gravatar.com\/avatar\/2e0bfbdf5d8965d17c4d51755bcfc940?s=96&d=mm&r=g\",\"caption\":\"Am\u00e9lie Finet\"},\"url\":\"https:\/\/old-eoc.dev-app.net\/en\/author\/mhermant\/\"}]}<\/script>\n<!-- \/ Yoast SEO plugin. -->","yoast_head_json":{"title":"Mouvement - saison 22\/23 - Ensemble Orchestral Contemporain","robots":{"index":"noindex","follow":"follow","max-snippet":"max-snippet:-1","max-image-preview":"max-image-preview:large","max-video-preview":"max-video-preview:-1"},"og_locale":"en_US","og_type":"article","og_title":"Mouvement - saison 22\/23 - Ensemble Orchestral Contemporain","og_description":"Mouvement ! &#8221; En s\u2019\u00e9mancipant du syst\u00e8me tonal et en proposant de nouveaux outils pour structurer le discours musical, Arnold Schoenberg, Alban Berg et Anton Webern ont trac\u00e9 une voie fertile dont la cr\u00e9ation la plus actuelle appara\u00eet comme un v\u00e9ritable aboutissement. Lors de mon arriv\u00e9e \u00e0 la direction de l\u2019Ensemble Orchestral Contemporain, il m\u2019a [&hellip;]","og_url":"https:\/\/old-eoc.dev-app.net\/rhapsodie\/","og_site_name":"Ensemble Orchestral Contemporain","article_published_time":"2021-09-16T14:13:13+00:00","article_modified_time":"2022-09-12T09:56:04+00:00","og_image":[{"width":1920,"height":1280,"url":"https:\/\/old-eoc.dev-app.net\/wp-content\/uploads\/2021\/09\/mock-up-plaquete-scaled.jpg","type":"image\/jpeg"}],"author":"Am\u00e9lie Finet","twitter_card":"summary_large_image","twitter_misc":{"Written by":"Am\u00e9lie Finet","Est. reading time":"2 minutes"},"schema":{"@context":"https:\/\/schema.org","@graph":[{"@type":"Article","@id":"https:\/\/old-eoc.dev-app.net\/rhapsodie\/#article","isPartOf":{"@id":"https:\/\/old-eoc.dev-app.net\/rhapsodie\/"},"author":{"name":"Am\u00e9lie Finet","@id":"https:\/\/old-eoc.dev-app.net\/#\/schema\/person\/22903e18cfb1940ba9e7a40db29c84f8"},"headline":"D\u00e9couvrez notre saison 2022-2023","datePublished":"2021-09-16T14:13:13+00:00","dateModified":"2022-09-12T09:56:04+00:00","mainEntityOfPage":{"@id":"https:\/\/old-eoc.dev-app.net\/rhapsodie\/"},"wordCount":494,"publisher":{"@id":"https:\/\/old-eoc.dev-app.net\/#organization"},"image":{"@id":"https:\/\/old-eoc.dev-app.net\/rhapsodie\/#primaryimage"},"thumbnailUrl":"https:\/\/old-eoc.dev-app.net\/wp-content\/uploads\/2021\/09\/mock-up-plaquete-scaled.jpg","articleSection":["Actualit\u00e9"],"inLanguage":"en-US"},{"@type":"WebPage","@id":"https:\/\/old-eoc.dev-app.net\/rhapsodie\/","url":"https:\/\/old-eoc.dev-app.net\/rhapsodie\/","name":"Mouvement - saison 22\/23 - Ensemble Orchestral Contemporain","isPartOf":{"@id":"https:\/\/old-eoc.dev-app.net\/#website"},"primaryImageOfPage":{"@id":"https:\/\/old-eoc.dev-app.net\/rhapsodie\/#primaryimage"},"image":{"@id":"https:\/\/old-eoc.dev-app.net\/rhapsodie\/#primaryimage"},"thumbnailUrl":"https:\/\/old-eoc.dev-app.net\/wp-content\/uploads\/2021\/09\/mock-up-plaquete-scaled.jpg","datePublished":"2021-09-16T14:13:13+00:00","dateModified":"2022-09-12T09:56:04+00:00","breadcrumb":{"@id":"https:\/\/old-eoc.dev-app.net\/rhapsodie\/#breadcrumb"},"inLanguage":"en-US","potentialAction":[{"@type":"ReadAction","target":["https:\/\/old-eoc.dev-app.net\/rhapsodie\/"]}]},{"@type":"ImageObject","inLanguage":"en-US","@id":"https:\/\/old-eoc.dev-app.net\/rhapsodie\/#primaryimage","url":"https:\/\/old-eoc.dev-app.net\/wp-content\/uploads\/2021\/09\/mock-up-plaquete-scaled.jpg","contentUrl":"https:\/\/old-eoc.dev-app.net\/wp-content\/uploads\/2021\/09\/mock-up-plaquete-scaled.jpg","width":1920,"height":1280},{"@type":"BreadcrumbList","@id":"https:\/\/old-eoc.dev-app.net\/rhapsodie\/#breadcrumb","itemListElement":[{"@type":"ListItem","position":1,"name":"Accueil","item":"https:\/\/old-eoc.dev-app.net\/en\/"},{"@type":"ListItem","position":2,"name":"D\u00e9couvrez notre saison 2022-2023"}]},{"@type":"WebSite","@id":"https:\/\/old-eoc.dev-app.net\/#website","url":"https:\/\/old-eoc.dev-app.net\/","name":"Ensemble Orchestral Contemporain","description":"Direction Daniel Kawka","publisher":{"@id":"https:\/\/old-eoc.dev-app.net\/#organization"},"potentialAction":[{"@type":"SearchAction","target":{"@type":"EntryPoint","urlTemplate":"https:\/\/old-eoc.dev-app.net\/?s={search_term_string}"},"query-input":{"@type":"PropertyValueSpecification","valueRequired":true,"valueName":"search_term_string"}}],"inLanguage":"en-US"},{"@type":"Organization","@id":"https:\/\/old-eoc.dev-app.net\/#organization","name":"Ensemble Orchestral Contemporain","url":"https:\/\/old-eoc.dev-app.net\/","logo":{"@type":"ImageObject","inLanguage":"en-US","@id":"https:\/\/old-eoc.dev-app.net\/#\/schema\/logo\/image\/","url":"https:\/\/old-eoc.dev-app.net\/wp-content\/uploads\/2024\/02\/cropped-admin-ajax2.jpg","contentUrl":"https:\/\/old-eoc.dev-app.net\/wp-content\/uploads\/2024\/02\/cropped-admin-ajax2.jpg","width":148,"height":79,"caption":"Ensemble Orchestral Contemporain"},"image":{"@id":"https:\/\/old-eoc.dev-app.net\/#\/schema\/logo\/image\/"},"sameAs":["https:\/\/www.youtube.com\/user\/EnsembleEOC"]},{"@type":"Person","@id":"https:\/\/old-eoc.dev-app.net\/#\/schema\/person\/22903e18cfb1940ba9e7a40db29c84f8","name":"Am\u00e9lie Finet","image":{"@type":"ImageObject","inLanguage":"en-US","@id":"https:\/\/old-eoc.dev-app.net\/#\/schema\/person\/image\/","url":"https:\/\/secure.gravatar.com\/avatar\/2e0bfbdf5d8965d17c4d51755bcfc940?s=96&d=mm&r=g","contentUrl":"https:\/\/secure.gravatar.com\/avatar\/2e0bfbdf5d8965d17c4d51755bcfc940?s=96&d=mm&r=g","caption":"Am\u00e9lie Finet"},"url":"https:\/\/old-eoc.dev-app.net\/en\/author\/mhermant\/"}]}},"_links":{"self":[{"href":"https:\/\/old-eoc.dev-app.net\/en\/wp-json\/wp\/v2\/posts\/18688","targetHints":{"allow":["GET"]}}],"collection":[{"href":"https:\/\/old-eoc.dev-app.net\/en\/wp-json\/wp\/v2\/posts"}],"about":[{"href":"https:\/\/old-eoc.dev-app.net\/en\/wp-json\/wp\/v2\/types\/post"}],"author":[{"embeddable":true,"href":"https:\/\/old-eoc.dev-app.net\/en\/wp-json\/wp\/v2\/users\/21"}],"replies":[{"embeddable":true,"href":"https:\/\/old-eoc.dev-app.net\/en\/wp-json\/wp\/v2\/comments?post=18688"}],"version-history":[{"count":0,"href":"https:\/\/old-eoc.dev-app.net\/en\/wp-json\/wp\/v2\/posts\/18688\/revisions"}],"wp:featuredmedia":[{"embeddable":true,"href":"https:\/\/old-eoc.dev-app.net\/en\/wp-json\/wp\/v2\/media\/24812"}],"wp:attachment":[{"href":"https:\/\/old-eoc.dev-app.net\/en\/wp-json\/wp\/v2\/media?parent=18688"}],"wp:term":[{"taxonomy":"category","embeddable":true,"href":"https:\/\/old-eoc.dev-app.net\/en\/wp-json\/wp\/v2\/categories?post=18688"},{"taxonomy":"post_tag","embeddable":true,"href":"https:\/\/old-eoc.dev-app.net\/en\/wp-json\/wp\/v2\/tags?post=18688"}],"curies":[{"name":"wp","href":"https:\/\/api.w.org\/{rel}","templated":true}]}}