{"id":16342,"date":"2021-06-07T15:20:31","date_gmt":"2021-06-07T13:20:31","guid":{"rendered":"https:\/\/old-eoc.dev-app.net\/?p=16342"},"modified":"2022-03-22T15:49:22","modified_gmt":"2022-03-22T14:49:22","slug":"residence-a-la-chaise-dieu","status":"publish","type":"post","link":"https:\/\/old-eoc.dev-app.net\/en\/residence-a-la-chaise-dieu\/","title":{"rendered":"R\u00e9sidence \u00e0 la Chaise-Dieu"},"content":{"rendered":"<p class=\"p1\">Avec l\u2019arriv\u00e9e de Bruno Mantovani \u00e0 la direction artistique et musicale de l\u2019Ensemble Orchestral Contemporain, Julien Caron, directeur du Festival de La Chaise-Dieu a souhait\u00e9 accueillir l\u2019EOC pour un cycle de r\u00e9sidence de 3 ans (2020, 2021, 2022).<!--more--><\/p>\n<p class=\"p1\">Manifestation musicale d\u2019envergure nationale et internationale, le Festival de La Chaise-Dieu assure une mission de diffusion de la musique classique dans trois d\u00e9partements de la r\u00e9gion Auvergne-Rh\u00f4ne-Alpes (Haute-Loire, Loire et Puy-de-D\u00f4me), durant son \u00e9dition estivale annuelle mais aussi dans le cadre de ses \u00ab rendez-vous en saisons \u00bb.<\/p>\n<p class=\"p1\">Principalement consacr\u00e9 \u00e0 la mise en valeur du r\u00e9pertoire baroque, classique et romantique, le Festival r\u00e9serve aussi r\u00e9guli\u00e8rement une place de choix \u00e0 la cr\u00e9ation contemporaine. C\u2019est sur ce socle commun et ce territoire en partage que la r\u00e9sidence de l\u2019Ensemble Orchestral Contemporain a pris forme d\u00e8s 2020 \u00e0 La Chaise-Dieu.<\/p>\n<p class=\"p1\">Apr\u00e8s une premi\u00e8re semaine de r\u00e9sidence du 21 au 25 septembre 2020, l\u2019EOC sera de retour \u00e0 la Chaise-Dieu du 14 au 19 juin ! L&#8217;Ensemble poursuivra son travail d&#8217;interpr\u00e9tation des oeuvres de Philippe Manoury, et de nombreux rendez-vous avec les publics sont programm\u00e9s.<\/p>\n<p>&nbsp;<\/p>\n<h4>Agenda :<\/h4>\n<p>Cette semaine de r\u00e9sidence donnera lieu a un concert \u00e0 l&#8217;Auditorium Cziffra le dimanche 20 juin<br \/>\n<a href=\"https:\/\/old-eoc.dev-app.net\/agenda\/evenement\/portrait-philippe-manoury\/\">Plus d&#8217;info<\/a><\/p>\n<p>&nbsp;<\/p>\n","protected":false},"excerpt":{"rendered":"<p>Avec l\u2019arriv\u00e9e de Bruno Mantovani \u00e0 la direction artistique et musicale de l\u2019Ensemble Orchestral Contemporain, Julien Caron, directeur du Festival de La Chaise-Dieu a souhait\u00e9 accueillir l\u2019EOC pour un cycle de r\u00e9sidence de 3 ans (2020, 2021, 2022).<\/p>\n","protected":false},"author":21,"featured_media":16343,"comment_status":"closed","ping_status":"open","sticky":false,"template":"","format":"standard","meta":{"_acf_changed":false,"footnotes":""},"categories":[1],"tags":[],"class_list":["post-16342","post","type-post","status-publish","format-standard","has-post-thumbnail","hentry","category-actualite"],"acf":[],"yoast_head":"<!-- This site is optimized with the Yoast SEO plugin v24.8.1 - https:\/\/yoast.com\/wordpress\/plugins\/seo\/ -->\n<title>R\u00e9sidence \u00e0 la Chaise-Dieu - Ensemble Orchestral Contemporain<\/title>\n<meta name=\"robots\" content=\"noindex, follow, max-snippet:-1, max-image-preview:large, max-video-preview:-1\" \/>\n<meta property=\"og:locale\" content=\"en_US\" \/>\n<meta property=\"og:type\" content=\"article\" \/>\n<meta property=\"og:title\" content=\"R\u00e9sidence \u00e0 la Chaise-Dieu - Ensemble Orchestral Contemporain\" \/>\n<meta property=\"og:description\" content=\"Avec l\u2019arriv\u00e9e de Bruno Mantovani \u00e0 la direction artistique et musicale de l\u2019Ensemble Orchestral Contemporain, Julien Caron, directeur du Festival de La Chaise-Dieu a souhait\u00e9 accueillir l\u2019EOC pour un cycle de r\u00e9sidence de 3 ans (2020, 2021, 2022).\" \/>\n<meta property=\"og:url\" content=\"https:\/\/old-eoc.dev-app.net\/en\/residence-a-la-chaise-dieu\/\" \/>\n<meta property=\"og:site_name\" content=\"Ensemble Orchestral Contemporain\" \/>\n<meta property=\"article:published_time\" content=\"2021-06-07T13:20:31+00:00\" \/>\n<meta property=\"article:modified_time\" content=\"2022-03-22T14:49:22+00:00\" \/>\n<meta property=\"og:image\" content=\"https:\/\/old-eoc.dev-app.net\/wp-content\/uploads\/2021\/06\/DOU2004-scaled.jpg\" \/>\n\t<meta property=\"og:image:width\" content=\"1920\" \/>\n\t<meta property=\"og:image:height\" content=\"1280\" \/>\n\t<meta property=\"og:image:type\" content=\"image\/jpeg\" \/>\n<meta name=\"author\" content=\"Am\u00e9lie Finet\" \/>\n<meta name=\"twitter:card\" content=\"summary_large_image\" \/>\n<meta name=\"twitter:label1\" content=\"Written by\" \/>\n\t<meta name=\"twitter:data1\" content=\"Am\u00e9lie Finet\" \/>\n\t<meta name=\"twitter:label2\" content=\"Est. reading time\" \/>\n\t<meta name=\"twitter:data2\" content=\"1 minute\" \/>\n<script type=\"application\/ld+json\" class=\"yoast-schema-graph\">{\"@context\":\"https:\/\/schema.org\",\"@graph\":[{\"@type\":\"Article\",\"@id\":\"https:\/\/old-eoc.dev-app.net\/en\/residence-a-la-chaise-dieu\/#article\",\"isPartOf\":{\"@id\":\"https:\/\/old-eoc.dev-app.net\/en\/residence-a-la-chaise-dieu\/\"},\"author\":{\"name\":\"Am\u00e9lie Finet\",\"@id\":\"https:\/\/old-eoc.dev-app.net\/#\/schema\/person\/22903e18cfb1940ba9e7a40db29c84f8\"},\"headline\":\"R\u00e9sidence \u00e0 la Chaise-Dieu\",\"datePublished\":\"2021-06-07T13:20:31+00:00\",\"dateModified\":\"2022-03-22T14:49:22+00:00\",\"mainEntityOfPage\":{\"@id\":\"https:\/\/old-eoc.dev-app.net\/en\/residence-a-la-chaise-dieu\/\"},\"wordCount\":216,\"publisher\":{\"@id\":\"https:\/\/old-eoc.dev-app.net\/#organization\"},\"image\":{\"@id\":\"https:\/\/old-eoc.dev-app.net\/en\/residence-a-la-chaise-dieu\/#primaryimage\"},\"thumbnailUrl\":\"https:\/\/old-eoc.dev-app.net\/wp-content\/uploads\/2021\/06\/DOU2004-scaled.jpg\",\"articleSection\":[\"Actualit\u00e9\"],\"inLanguage\":\"en-US\"},{\"@type\":\"WebPage\",\"@id\":\"https:\/\/old-eoc.dev-app.net\/en\/residence-a-la-chaise-dieu\/\",\"url\":\"https:\/\/old-eoc.dev-app.net\/en\/residence-a-la-chaise-dieu\/\",\"name\":\"R\u00e9sidence \u00e0 la Chaise-Dieu - Ensemble Orchestral Contemporain\",\"isPartOf\":{\"@id\":\"https:\/\/old-eoc.dev-app.net\/#website\"},\"primaryImageOfPage\":{\"@id\":\"https:\/\/old-eoc.dev-app.net\/en\/residence-a-la-chaise-dieu\/#primaryimage\"},\"image\":{\"@id\":\"https:\/\/old-eoc.dev-app.net\/en\/residence-a-la-chaise-dieu\/#primaryimage\"},\"thumbnailUrl\":\"https:\/\/old-eoc.dev-app.net\/wp-content\/uploads\/2021\/06\/DOU2004-scaled.jpg\",\"datePublished\":\"2021-06-07T13:20:31+00:00\",\"dateModified\":\"2022-03-22T14:49:22+00:00\",\"breadcrumb\":{\"@id\":\"https:\/\/old-eoc.dev-app.net\/en\/residence-a-la-chaise-dieu\/#breadcrumb\"},\"inLanguage\":\"en-US\",\"potentialAction\":[{\"@type\":\"ReadAction\",\"target\":[\"https:\/\/old-eoc.dev-app.net\/en\/residence-a-la-chaise-dieu\/\"]}]},{\"@type\":\"ImageObject\",\"inLanguage\":\"en-US\",\"@id\":\"https:\/\/old-eoc.dev-app.net\/en\/residence-a-la-chaise-dieu\/#primaryimage\",\"url\":\"https:\/\/old-eoc.dev-app.net\/wp-content\/uploads\/2021\/06\/DOU2004-scaled.jpg\",\"contentUrl\":\"https:\/\/old-eoc.dev-app.net\/wp-content\/uploads\/2021\/06\/DOU2004-scaled.jpg\",\"width\":1920,\"height\":1280,\"caption\":\"\u00a9Blandine Soulage\"},{\"@type\":\"BreadcrumbList\",\"@id\":\"https:\/\/old-eoc.dev-app.net\/en\/residence-a-la-chaise-dieu\/#breadcrumb\",\"itemListElement\":[{\"@type\":\"ListItem\",\"position\":1,\"name\":\"Accueil\",\"item\":\"https:\/\/old-eoc.dev-app.net\/en\/\"},{\"@type\":\"ListItem\",\"position\":2,\"name\":\"R\u00e9sidence \u00e0 la Chaise-Dieu\"}]},{\"@type\":\"WebSite\",\"@id\":\"https:\/\/old-eoc.dev-app.net\/#website\",\"url\":\"https:\/\/old-eoc.dev-app.net\/\",\"name\":\"Ensemble Orchestral Contemporain\",\"description\":\"Direction Daniel Kawka\",\"publisher\":{\"@id\":\"https:\/\/old-eoc.dev-app.net\/#organization\"},\"potentialAction\":[{\"@type\":\"SearchAction\",\"target\":{\"@type\":\"EntryPoint\",\"urlTemplate\":\"https:\/\/old-eoc.dev-app.net\/?s={search_term_string}\"},\"query-input\":{\"@type\":\"PropertyValueSpecification\",\"valueRequired\":true,\"valueName\":\"search_term_string\"}}],\"inLanguage\":\"en-US\"},{\"@type\":\"Organization\",\"@id\":\"https:\/\/old-eoc.dev-app.net\/#organization\",\"name\":\"Ensemble Orchestral Contemporain\",\"url\":\"https:\/\/old-eoc.dev-app.net\/\",\"logo\":{\"@type\":\"ImageObject\",\"inLanguage\":\"en-US\",\"@id\":\"https:\/\/old-eoc.dev-app.net\/#\/schema\/logo\/image\/\",\"url\":\"https:\/\/old-eoc.dev-app.net\/wp-content\/uploads\/2024\/02\/cropped-admin-ajax2.jpg\",\"contentUrl\":\"https:\/\/old-eoc.dev-app.net\/wp-content\/uploads\/2024\/02\/cropped-admin-ajax2.jpg\",\"width\":148,\"height\":79,\"caption\":\"Ensemble Orchestral Contemporain\"},\"image\":{\"@id\":\"https:\/\/old-eoc.dev-app.net\/#\/schema\/logo\/image\/\"},\"sameAs\":[\"https:\/\/www.youtube.com\/user\/EnsembleEOC\"]},{\"@type\":\"Person\",\"@id\":\"https:\/\/old-eoc.dev-app.net\/#\/schema\/person\/22903e18cfb1940ba9e7a40db29c84f8\",\"name\":\"Am\u00e9lie Finet\",\"image\":{\"@type\":\"ImageObject\",\"inLanguage\":\"en-US\",\"@id\":\"https:\/\/old-eoc.dev-app.net\/#\/schema\/person\/image\/\",\"url\":\"https:\/\/secure.gravatar.com\/avatar\/2e0bfbdf5d8965d17c4d51755bcfc940?s=96&d=mm&r=g\",\"contentUrl\":\"https:\/\/secure.gravatar.com\/avatar\/2e0bfbdf5d8965d17c4d51755bcfc940?s=96&d=mm&r=g\",\"caption\":\"Am\u00e9lie Finet\"},\"url\":\"https:\/\/old-eoc.dev-app.net\/en\/author\/mhermant\/\"}]}<\/script>\n<!-- \/ Yoast SEO plugin. -->","yoast_head_json":{"title":"R\u00e9sidence \u00e0 la Chaise-Dieu - Ensemble Orchestral Contemporain","robots":{"index":"noindex","follow":"follow","max-snippet":"max-snippet:-1","max-image-preview":"max-image-preview:large","max-video-preview":"max-video-preview:-1"},"og_locale":"en_US","og_type":"article","og_title":"R\u00e9sidence \u00e0 la Chaise-Dieu - Ensemble Orchestral Contemporain","og_description":"Avec l\u2019arriv\u00e9e de Bruno Mantovani \u00e0 la direction artistique et musicale de l\u2019Ensemble Orchestral Contemporain, Julien Caron, directeur du Festival de La Chaise-Dieu a souhait\u00e9 accueillir l\u2019EOC pour un cycle de r\u00e9sidence de 3 ans (2020, 2021, 2022).","og_url":"https:\/\/old-eoc.dev-app.net\/en\/residence-a-la-chaise-dieu\/","og_site_name":"Ensemble Orchestral Contemporain","article_published_time":"2021-06-07T13:20:31+00:00","article_modified_time":"2022-03-22T14:49:22+00:00","og_image":[{"width":1920,"height":1280,"url":"https:\/\/old-eoc.dev-app.net\/wp-content\/uploads\/2021\/06\/DOU2004-scaled.jpg","type":"image\/jpeg"}],"author":"Am\u00e9lie Finet","twitter_card":"summary_large_image","twitter_misc":{"Written by":"Am\u00e9lie Finet","Est. reading time":"1 minute"},"schema":{"@context":"https:\/\/schema.org","@graph":[{"@type":"Article","@id":"https:\/\/old-eoc.dev-app.net\/en\/residence-a-la-chaise-dieu\/#article","isPartOf":{"@id":"https:\/\/old-eoc.dev-app.net\/en\/residence-a-la-chaise-dieu\/"},"author":{"name":"Am\u00e9lie Finet","@id":"https:\/\/old-eoc.dev-app.net\/#\/schema\/person\/22903e18cfb1940ba9e7a40db29c84f8"},"headline":"R\u00e9sidence \u00e0 la Chaise-Dieu","datePublished":"2021-06-07T13:20:31+00:00","dateModified":"2022-03-22T14:49:22+00:00","mainEntityOfPage":{"@id":"https:\/\/old-eoc.dev-app.net\/en\/residence-a-la-chaise-dieu\/"},"wordCount":216,"publisher":{"@id":"https:\/\/old-eoc.dev-app.net\/#organization"},"image":{"@id":"https:\/\/old-eoc.dev-app.net\/en\/residence-a-la-chaise-dieu\/#primaryimage"},"thumbnailUrl":"https:\/\/old-eoc.dev-app.net\/wp-content\/uploads\/2021\/06\/DOU2004-scaled.jpg","articleSection":["Actualit\u00e9"],"inLanguage":"en-US"},{"@type":"WebPage","@id":"https:\/\/old-eoc.dev-app.net\/en\/residence-a-la-chaise-dieu\/","url":"https:\/\/old-eoc.dev-app.net\/en\/residence-a-la-chaise-dieu\/","name":"R\u00e9sidence \u00e0 la Chaise-Dieu - Ensemble Orchestral Contemporain","isPartOf":{"@id":"https:\/\/old-eoc.dev-app.net\/#website"},"primaryImageOfPage":{"@id":"https:\/\/old-eoc.dev-app.net\/en\/residence-a-la-chaise-dieu\/#primaryimage"},"image":{"@id":"https:\/\/old-eoc.dev-app.net\/en\/residence-a-la-chaise-dieu\/#primaryimage"},"thumbnailUrl":"https:\/\/old-eoc.dev-app.net\/wp-content\/uploads\/2021\/06\/DOU2004-scaled.jpg","datePublished":"2021-06-07T13:20:31+00:00","dateModified":"2022-03-22T14:49:22+00:00","breadcrumb":{"@id":"https:\/\/old-eoc.dev-app.net\/en\/residence-a-la-chaise-dieu\/#breadcrumb"},"inLanguage":"en-US","potentialAction":[{"@type":"ReadAction","target":["https:\/\/old-eoc.dev-app.net\/en\/residence-a-la-chaise-dieu\/"]}]},{"@type":"ImageObject","inLanguage":"en-US","@id":"https:\/\/old-eoc.dev-app.net\/en\/residence-a-la-chaise-dieu\/#primaryimage","url":"https:\/\/old-eoc.dev-app.net\/wp-content\/uploads\/2021\/06\/DOU2004-scaled.jpg","contentUrl":"https:\/\/old-eoc.dev-app.net\/wp-content\/uploads\/2021\/06\/DOU2004-scaled.jpg","width":1920,"height":1280,"caption":"\u00a9Blandine Soulage"},{"@type":"BreadcrumbList","@id":"https:\/\/old-eoc.dev-app.net\/en\/residence-a-la-chaise-dieu\/#breadcrumb","itemListElement":[{"@type":"ListItem","position":1,"name":"Accueil","item":"https:\/\/old-eoc.dev-app.net\/en\/"},{"@type":"ListItem","position":2,"name":"R\u00e9sidence \u00e0 la Chaise-Dieu"}]},{"@type":"WebSite","@id":"https:\/\/old-eoc.dev-app.net\/#website","url":"https:\/\/old-eoc.dev-app.net\/","name":"Ensemble Orchestral Contemporain","description":"Direction Daniel Kawka","publisher":{"@id":"https:\/\/old-eoc.dev-app.net\/#organization"},"potentialAction":[{"@type":"SearchAction","target":{"@type":"EntryPoint","urlTemplate":"https:\/\/old-eoc.dev-app.net\/?s={search_term_string}"},"query-input":{"@type":"PropertyValueSpecification","valueRequired":true,"valueName":"search_term_string"}}],"inLanguage":"en-US"},{"@type":"Organization","@id":"https:\/\/old-eoc.dev-app.net\/#organization","name":"Ensemble Orchestral Contemporain","url":"https:\/\/old-eoc.dev-app.net\/","logo":{"@type":"ImageObject","inLanguage":"en-US","@id":"https:\/\/old-eoc.dev-app.net\/#\/schema\/logo\/image\/","url":"https:\/\/old-eoc.dev-app.net\/wp-content\/uploads\/2024\/02\/cropped-admin-ajax2.jpg","contentUrl":"https:\/\/old-eoc.dev-app.net\/wp-content\/uploads\/2024\/02\/cropped-admin-ajax2.jpg","width":148,"height":79,"caption":"Ensemble Orchestral Contemporain"},"image":{"@id":"https:\/\/old-eoc.dev-app.net\/#\/schema\/logo\/image\/"},"sameAs":["https:\/\/www.youtube.com\/user\/EnsembleEOC"]},{"@type":"Person","@id":"https:\/\/old-eoc.dev-app.net\/#\/schema\/person\/22903e18cfb1940ba9e7a40db29c84f8","name":"Am\u00e9lie Finet","image":{"@type":"ImageObject","inLanguage":"en-US","@id":"https:\/\/old-eoc.dev-app.net\/#\/schema\/person\/image\/","url":"https:\/\/secure.gravatar.com\/avatar\/2e0bfbdf5d8965d17c4d51755bcfc940?s=96&d=mm&r=g","contentUrl":"https:\/\/secure.gravatar.com\/avatar\/2e0bfbdf5d8965d17c4d51755bcfc940?s=96&d=mm&r=g","caption":"Am\u00e9lie Finet"},"url":"https:\/\/old-eoc.dev-app.net\/en\/author\/mhermant\/"}]}},"_links":{"self":[{"href":"https:\/\/old-eoc.dev-app.net\/en\/wp-json\/wp\/v2\/posts\/16342","targetHints":{"allow":["GET"]}}],"collection":[{"href":"https:\/\/old-eoc.dev-app.net\/en\/wp-json\/wp\/v2\/posts"}],"about":[{"href":"https:\/\/old-eoc.dev-app.net\/en\/wp-json\/wp\/v2\/types\/post"}],"author":[{"embeddable":true,"href":"https:\/\/old-eoc.dev-app.net\/en\/wp-json\/wp\/v2\/users\/21"}],"replies":[{"embeddable":true,"href":"https:\/\/old-eoc.dev-app.net\/en\/wp-json\/wp\/v2\/comments?post=16342"}],"version-history":[{"count":0,"href":"https:\/\/old-eoc.dev-app.net\/en\/wp-json\/wp\/v2\/posts\/16342\/revisions"}],"wp:featuredmedia":[{"embeddable":true,"href":"https:\/\/old-eoc.dev-app.net\/en\/wp-json\/wp\/v2\/media\/16343"}],"wp:attachment":[{"href":"https:\/\/old-eoc.dev-app.net\/en\/wp-json\/wp\/v2\/media?parent=16342"}],"wp:term":[{"taxonomy":"category","embeddable":true,"href":"https:\/\/old-eoc.dev-app.net\/en\/wp-json\/wp\/v2\/categories?post=16342"},{"taxonomy":"post_tag","embeddable":true,"href":"https:\/\/old-eoc.dev-app.net\/en\/wp-json\/wp\/v2\/tags?post=16342"}],"curies":[{"name":"wp","href":"https:\/\/api.w.org\/{rel}","templated":true}]}}