{"id":13752,"date":"2021-01-08T15:19:59","date_gmt":"2021-01-08T14:19:59","guid":{"rendered":"https:\/\/old-eoc.dev-app.net\/?p=13752"},"modified":"2021-03-15T14:53:59","modified_gmt":"2021-03-15T13:53:59","slug":"petits-rappels-chez-momeludies","status":"publish","type":"post","link":"https:\/\/old-eoc.dev-app.net\/en\/petits-rappels-chez-momeludies\/","title":{"rendered":"&#8220;Petits rappels&#8221; chez M\u00f4meludies"},"content":{"rendered":"<div><span style=\"color: #000000;\">Apr\u00e8s l\u2019\u00e9dition de\u00a0<em>C\u00e9r\u00e9monie de l\u2019angle droit,<\/em>\u00a0<a href=\"http:\/\/www.momeludies.com\/\">M\u00f4meludies<\/a> et l\u2019Ensemble Orchestral Contemporain poursuivent leur collaboration en \u00e9ditant cette 2e pi\u00e8ce de Fabrice J\u00dcNGER\u00a0<em>Petits Rappels<\/em>. <\/span><\/div>\n<p><!--more--><\/p>\n<div><span style=\"color: #000000;\">L\u2019\u0153uvre a \u00e9t\u00e9 cr\u00e9\u00e9e en 2008 \u00e0 Saint-\u00c9tienne par des enfants d\u2019\u00e9cole primaire et des coll\u00e9giens de Saint-\u00c9tienne et Andr\u00e9zieux-Bouth\u00e9on.\u00a0<\/span><\/div>\n<div><\/div>\n<div><span style=\"color: #000000;\">\u00c9crite pour un septuor \u00e0 vents, classes de CM2-6e et musique \u00e9lectronique, la partition est pr\u00e9sent\u00e9e d\u2019une part de fa\u00e7on chronologique et graphique pour faciliter son approche par des non-lecteurs, puis de fa\u00e7on conventionnelle.\u00a0<\/span><\/div>\n<div><\/div>\n<p><!--more--><\/p>\n<p><span style=\"color: #000000;\"><em>Petits Rappels <\/em>s&#8217;inscrit dans la collection Musemporaine \/ Les Cahiers EOC. Celle-ci <span style=\"font-size: inherit; letter-spacing: 0.1rem;\">rassemble des pi\u00e8ces de musique contemporaine, terme qu\u2019il faut com-prendre ici dans son sens litt\u00e9ral, c\u2019est-\u00e0-dire toute musique qui s\u2019invente aujourd\u2019hui, qu\u2019elle s\u2019inscrive dans une esth\u00e9tique jazz, de musique savante, urbaine, \u00e9lectronique ou faisant appel aux nouvelles technologies.Ces partitions peuvent \u00eatre \u00e9crites selon les codages classiques ou contemporains en cours dans la musique dite \u00ab savante \u00bb. Elles peuvent \u00e9galement int\u00e9grer un support \u00e9lectroacoustique, faire appel \u00e0 une construction d\u2019instruments, etc.Certaines pi\u00e8ces sont faciles d\u2019acc\u00e8s, d\u2019autres r\u00e9clament de la part des enfants une ma\u00eetrise plus affermie. Un large champ est ainsi offert pour que de jeunes musiciens jouent la musique de leur temps.<\/span><\/span><\/p>\n<p>&nbsp;<\/p>\n<p><a href=\"https:\/\/boutique.momeludies.com\/musemporaines\/731-petits-rappels.html\" target=\"_blank\" rel=\"noopener noreferrer\">La boutique<\/a><\/p>\n<p><a href=\"https:\/\/old-eoc.dev-app.net\/repertoire\/petits-rappels\/\">Le r\u00e9pertoire EOC<\/a><\/p>\n<div><\/div>\n<div><\/div>\n","protected":false},"excerpt":{"rendered":"<p>Apr\u00e8s l\u2019\u00e9dition de\u00a0C\u00e9r\u00e9monie de l\u2019angle droit,\u00a0M\u00f4meludies et l\u2019Ensemble Orchestral Contemporain poursuivent leur collaboration en \u00e9ditant cette 2e pi\u00e8ce de Fabrice J\u00dcNGER\u00a0Petits Rappels.<\/p>\n","protected":false},"author":21,"featured_media":13753,"comment_status":"closed","ping_status":"open","sticky":false,"template":"","format":"standard","meta":{"_acf_changed":false,"footnotes":""},"categories":[1],"tags":[],"class_list":["post-13752","post","type-post","status-publish","format-standard","has-post-thumbnail","hentry","category-actualite"],"acf":[],"yoast_head":"<!-- This site is optimized with the Yoast SEO plugin v24.8.1 - https:\/\/yoast.com\/wordpress\/plugins\/seo\/ -->\n<title>&quot;Petits rappels&quot; chez M\u00f4meludies - Ensemble Orchestral Contemporain<\/title>\n<meta name=\"robots\" content=\"noindex, follow, max-snippet:-1, max-image-preview:large, max-video-preview:-1\" \/>\n<meta property=\"og:locale\" content=\"en_US\" \/>\n<meta property=\"og:type\" content=\"article\" \/>\n<meta property=\"og:title\" content=\"&quot;Petits rappels&quot; chez M\u00f4meludies - Ensemble Orchestral Contemporain\" \/>\n<meta property=\"og:description\" content=\"Apr\u00e8s l\u2019\u00e9dition de\u00a0C\u00e9r\u00e9monie de l\u2019angle droit,\u00a0M\u00f4meludies et l\u2019Ensemble Orchestral Contemporain poursuivent leur collaboration en \u00e9ditant cette 2e pi\u00e8ce de Fabrice J\u00dcNGER\u00a0Petits Rappels.\" \/>\n<meta property=\"og:url\" content=\"https:\/\/old-eoc.dev-app.net\/petits-rappels-chez-momeludies\/\" \/>\n<meta property=\"og:site_name\" content=\"Ensemble Orchestral Contemporain\" \/>\n<meta property=\"article:published_time\" content=\"2021-01-08T14:19:59+00:00\" \/>\n<meta property=\"article:modified_time\" content=\"2021-03-15T13:53:59+00:00\" \/>\n<meta property=\"og:image\" content=\"https:\/\/old-eoc.dev-app.net\/wp-content\/uploads\/2021\/01\/Capture-de\u0301cran-2021-01-11-a\u0300-11.37.10.png\" \/>\n\t<meta property=\"og:image:width\" content=\"717\" \/>\n\t<meta property=\"og:image:height\" content=\"500\" \/>\n\t<meta property=\"og:image:type\" content=\"image\/png\" \/>\n<meta name=\"author\" content=\"Am\u00e9lie Finet\" \/>\n<meta name=\"twitter:card\" content=\"summary_large_image\" \/>\n<meta name=\"twitter:label1\" content=\"Written by\" \/>\n\t<meta name=\"twitter:data1\" content=\"Am\u00e9lie Finet\" \/>\n\t<meta name=\"twitter:label2\" content=\"Est. reading time\" \/>\n\t<meta name=\"twitter:data2\" content=\"1 minute\" \/>\n<script type=\"application\/ld+json\" class=\"yoast-schema-graph\">{\"@context\":\"https:\/\/schema.org\",\"@graph\":[{\"@type\":\"Article\",\"@id\":\"https:\/\/old-eoc.dev-app.net\/petits-rappels-chez-momeludies\/#article\",\"isPartOf\":{\"@id\":\"https:\/\/old-eoc.dev-app.net\/petits-rappels-chez-momeludies\/\"},\"author\":{\"name\":\"Am\u00e9lie Finet\",\"@id\":\"https:\/\/old-eoc.dev-app.net\/#\/schema\/person\/22903e18cfb1940ba9e7a40db29c84f8\"},\"headline\":\"&#8220;Petits rappels&#8221; chez M\u00f4meludies\",\"datePublished\":\"2021-01-08T14:19:59+00:00\",\"dateModified\":\"2021-03-15T13:53:59+00:00\",\"mainEntityOfPage\":{\"@id\":\"https:\/\/old-eoc.dev-app.net\/petits-rappels-chez-momeludies\/\"},\"wordCount\":244,\"publisher\":{\"@id\":\"https:\/\/old-eoc.dev-app.net\/#organization\"},\"image\":{\"@id\":\"https:\/\/old-eoc.dev-app.net\/petits-rappels-chez-momeludies\/#primaryimage\"},\"thumbnailUrl\":\"https:\/\/old-eoc.dev-app.net\/wp-content\/uploads\/2021\/01\/Capture-de\u0301cran-2021-01-11-a\u0300-11.37.10.png\",\"articleSection\":[\"Actualit\u00e9\"],\"inLanguage\":\"en-US\"},{\"@type\":\"WebPage\",\"@id\":\"https:\/\/old-eoc.dev-app.net\/petits-rappels-chez-momeludies\/\",\"url\":\"https:\/\/old-eoc.dev-app.net\/petits-rappels-chez-momeludies\/\",\"name\":\"\\\"Petits rappels\\\" chez M\u00f4meludies - Ensemble Orchestral Contemporain\",\"isPartOf\":{\"@id\":\"https:\/\/old-eoc.dev-app.net\/#website\"},\"primaryImageOfPage\":{\"@id\":\"https:\/\/old-eoc.dev-app.net\/petits-rappels-chez-momeludies\/#primaryimage\"},\"image\":{\"@id\":\"https:\/\/old-eoc.dev-app.net\/petits-rappels-chez-momeludies\/#primaryimage\"},\"thumbnailUrl\":\"https:\/\/old-eoc.dev-app.net\/wp-content\/uploads\/2021\/01\/Capture-de\u0301cran-2021-01-11-a\u0300-11.37.10.png\",\"datePublished\":\"2021-01-08T14:19:59+00:00\",\"dateModified\":\"2021-03-15T13:53:59+00:00\",\"breadcrumb\":{\"@id\":\"https:\/\/old-eoc.dev-app.net\/petits-rappels-chez-momeludies\/#breadcrumb\"},\"inLanguage\":\"en-US\",\"potentialAction\":[{\"@type\":\"ReadAction\",\"target\":[\"https:\/\/old-eoc.dev-app.net\/petits-rappels-chez-momeludies\/\"]}]},{\"@type\":\"ImageObject\",\"inLanguage\":\"en-US\",\"@id\":\"https:\/\/old-eoc.dev-app.net\/petits-rappels-chez-momeludies\/#primaryimage\",\"url\":\"https:\/\/old-eoc.dev-app.net\/wp-content\/uploads\/2021\/01\/Capture-de\u0301cran-2021-01-11-a\u0300-11.37.10.png\",\"contentUrl\":\"https:\/\/old-eoc.dev-app.net\/wp-content\/uploads\/2021\/01\/Capture-de\u0301cran-2021-01-11-a\u0300-11.37.10.png\",\"width\":717,\"height\":500},{\"@type\":\"BreadcrumbList\",\"@id\":\"https:\/\/old-eoc.dev-app.net\/petits-rappels-chez-momeludies\/#breadcrumb\",\"itemListElement\":[{\"@type\":\"ListItem\",\"position\":1,\"name\":\"Accueil\",\"item\":\"https:\/\/old-eoc.dev-app.net\/en\/\"},{\"@type\":\"ListItem\",\"position\":2,\"name\":\"&#8220;Petits rappels&#8221; chez M\u00f4meludies\"}]},{\"@type\":\"WebSite\",\"@id\":\"https:\/\/old-eoc.dev-app.net\/#website\",\"url\":\"https:\/\/old-eoc.dev-app.net\/\",\"name\":\"Ensemble Orchestral Contemporain\",\"description\":\"Direction Daniel Kawka\",\"publisher\":{\"@id\":\"https:\/\/old-eoc.dev-app.net\/#organization\"},\"potentialAction\":[{\"@type\":\"SearchAction\",\"target\":{\"@type\":\"EntryPoint\",\"urlTemplate\":\"https:\/\/old-eoc.dev-app.net\/?s={search_term_string}\"},\"query-input\":{\"@type\":\"PropertyValueSpecification\",\"valueRequired\":true,\"valueName\":\"search_term_string\"}}],\"inLanguage\":\"en-US\"},{\"@type\":\"Organization\",\"@id\":\"https:\/\/old-eoc.dev-app.net\/#organization\",\"name\":\"Ensemble Orchestral Contemporain\",\"url\":\"https:\/\/old-eoc.dev-app.net\/\",\"logo\":{\"@type\":\"ImageObject\",\"inLanguage\":\"en-US\",\"@id\":\"https:\/\/old-eoc.dev-app.net\/#\/schema\/logo\/image\/\",\"url\":\"https:\/\/old-eoc.dev-app.net\/wp-content\/uploads\/2024\/02\/cropped-admin-ajax2.jpg\",\"contentUrl\":\"https:\/\/old-eoc.dev-app.net\/wp-content\/uploads\/2024\/02\/cropped-admin-ajax2.jpg\",\"width\":148,\"height\":79,\"caption\":\"Ensemble Orchestral Contemporain\"},\"image\":{\"@id\":\"https:\/\/old-eoc.dev-app.net\/#\/schema\/logo\/image\/\"},\"sameAs\":[\"https:\/\/www.youtube.com\/user\/EnsembleEOC\"]},{\"@type\":\"Person\",\"@id\":\"https:\/\/old-eoc.dev-app.net\/#\/schema\/person\/22903e18cfb1940ba9e7a40db29c84f8\",\"name\":\"Am\u00e9lie Finet\",\"image\":{\"@type\":\"ImageObject\",\"inLanguage\":\"en-US\",\"@id\":\"https:\/\/old-eoc.dev-app.net\/#\/schema\/person\/image\/\",\"url\":\"https:\/\/secure.gravatar.com\/avatar\/2e0bfbdf5d8965d17c4d51755bcfc940?s=96&d=mm&r=g\",\"contentUrl\":\"https:\/\/secure.gravatar.com\/avatar\/2e0bfbdf5d8965d17c4d51755bcfc940?s=96&d=mm&r=g\",\"caption\":\"Am\u00e9lie Finet\"},\"url\":\"https:\/\/old-eoc.dev-app.net\/en\/author\/mhermant\/\"}]}<\/script>\n<!-- \/ Yoast SEO plugin. -->","yoast_head_json":{"title":"\"Petits rappels\" chez M\u00f4meludies - Ensemble Orchestral Contemporain","robots":{"index":"noindex","follow":"follow","max-snippet":"max-snippet:-1","max-image-preview":"max-image-preview:large","max-video-preview":"max-video-preview:-1"},"og_locale":"en_US","og_type":"article","og_title":"\"Petits rappels\" chez M\u00f4meludies - Ensemble Orchestral Contemporain","og_description":"Apr\u00e8s l\u2019\u00e9dition de\u00a0C\u00e9r\u00e9monie de l\u2019angle droit,\u00a0M\u00f4meludies et l\u2019Ensemble Orchestral Contemporain poursuivent leur collaboration en \u00e9ditant cette 2e pi\u00e8ce de Fabrice J\u00dcNGER\u00a0Petits Rappels.","og_url":"https:\/\/old-eoc.dev-app.net\/petits-rappels-chez-momeludies\/","og_site_name":"Ensemble Orchestral Contemporain","article_published_time":"2021-01-08T14:19:59+00:00","article_modified_time":"2021-03-15T13:53:59+00:00","og_image":[{"width":717,"height":500,"url":"https:\/\/old-eoc.dev-app.net\/wp-content\/uploads\/2021\/01\/Capture-de\u0301cran-2021-01-11-a\u0300-11.37.10.png","type":"image\/png"}],"author":"Am\u00e9lie Finet","twitter_card":"summary_large_image","twitter_misc":{"Written by":"Am\u00e9lie Finet","Est. reading time":"1 minute"},"schema":{"@context":"https:\/\/schema.org","@graph":[{"@type":"Article","@id":"https:\/\/old-eoc.dev-app.net\/petits-rappels-chez-momeludies\/#article","isPartOf":{"@id":"https:\/\/old-eoc.dev-app.net\/petits-rappels-chez-momeludies\/"},"author":{"name":"Am\u00e9lie Finet","@id":"https:\/\/old-eoc.dev-app.net\/#\/schema\/person\/22903e18cfb1940ba9e7a40db29c84f8"},"headline":"&#8220;Petits rappels&#8221; chez M\u00f4meludies","datePublished":"2021-01-08T14:19:59+00:00","dateModified":"2021-03-15T13:53:59+00:00","mainEntityOfPage":{"@id":"https:\/\/old-eoc.dev-app.net\/petits-rappels-chez-momeludies\/"},"wordCount":244,"publisher":{"@id":"https:\/\/old-eoc.dev-app.net\/#organization"},"image":{"@id":"https:\/\/old-eoc.dev-app.net\/petits-rappels-chez-momeludies\/#primaryimage"},"thumbnailUrl":"https:\/\/old-eoc.dev-app.net\/wp-content\/uploads\/2021\/01\/Capture-de\u0301cran-2021-01-11-a\u0300-11.37.10.png","articleSection":["Actualit\u00e9"],"inLanguage":"en-US"},{"@type":"WebPage","@id":"https:\/\/old-eoc.dev-app.net\/petits-rappels-chez-momeludies\/","url":"https:\/\/old-eoc.dev-app.net\/petits-rappels-chez-momeludies\/","name":"\"Petits rappels\" chez M\u00f4meludies - Ensemble Orchestral Contemporain","isPartOf":{"@id":"https:\/\/old-eoc.dev-app.net\/#website"},"primaryImageOfPage":{"@id":"https:\/\/old-eoc.dev-app.net\/petits-rappels-chez-momeludies\/#primaryimage"},"image":{"@id":"https:\/\/old-eoc.dev-app.net\/petits-rappels-chez-momeludies\/#primaryimage"},"thumbnailUrl":"https:\/\/old-eoc.dev-app.net\/wp-content\/uploads\/2021\/01\/Capture-de\u0301cran-2021-01-11-a\u0300-11.37.10.png","datePublished":"2021-01-08T14:19:59+00:00","dateModified":"2021-03-15T13:53:59+00:00","breadcrumb":{"@id":"https:\/\/old-eoc.dev-app.net\/petits-rappels-chez-momeludies\/#breadcrumb"},"inLanguage":"en-US","potentialAction":[{"@type":"ReadAction","target":["https:\/\/old-eoc.dev-app.net\/petits-rappels-chez-momeludies\/"]}]},{"@type":"ImageObject","inLanguage":"en-US","@id":"https:\/\/old-eoc.dev-app.net\/petits-rappels-chez-momeludies\/#primaryimage","url":"https:\/\/old-eoc.dev-app.net\/wp-content\/uploads\/2021\/01\/Capture-de\u0301cran-2021-01-11-a\u0300-11.37.10.png","contentUrl":"https:\/\/old-eoc.dev-app.net\/wp-content\/uploads\/2021\/01\/Capture-de\u0301cran-2021-01-11-a\u0300-11.37.10.png","width":717,"height":500},{"@type":"BreadcrumbList","@id":"https:\/\/old-eoc.dev-app.net\/petits-rappels-chez-momeludies\/#breadcrumb","itemListElement":[{"@type":"ListItem","position":1,"name":"Accueil","item":"https:\/\/old-eoc.dev-app.net\/en\/"},{"@type":"ListItem","position":2,"name":"&#8220;Petits rappels&#8221; chez M\u00f4meludies"}]},{"@type":"WebSite","@id":"https:\/\/old-eoc.dev-app.net\/#website","url":"https:\/\/old-eoc.dev-app.net\/","name":"Ensemble Orchestral Contemporain","description":"Direction Daniel Kawka","publisher":{"@id":"https:\/\/old-eoc.dev-app.net\/#organization"},"potentialAction":[{"@type":"SearchAction","target":{"@type":"EntryPoint","urlTemplate":"https:\/\/old-eoc.dev-app.net\/?s={search_term_string}"},"query-input":{"@type":"PropertyValueSpecification","valueRequired":true,"valueName":"search_term_string"}}],"inLanguage":"en-US"},{"@type":"Organization","@id":"https:\/\/old-eoc.dev-app.net\/#organization","name":"Ensemble Orchestral Contemporain","url":"https:\/\/old-eoc.dev-app.net\/","logo":{"@type":"ImageObject","inLanguage":"en-US","@id":"https:\/\/old-eoc.dev-app.net\/#\/schema\/logo\/image\/","url":"https:\/\/old-eoc.dev-app.net\/wp-content\/uploads\/2024\/02\/cropped-admin-ajax2.jpg","contentUrl":"https:\/\/old-eoc.dev-app.net\/wp-content\/uploads\/2024\/02\/cropped-admin-ajax2.jpg","width":148,"height":79,"caption":"Ensemble Orchestral Contemporain"},"image":{"@id":"https:\/\/old-eoc.dev-app.net\/#\/schema\/logo\/image\/"},"sameAs":["https:\/\/www.youtube.com\/user\/EnsembleEOC"]},{"@type":"Person","@id":"https:\/\/old-eoc.dev-app.net\/#\/schema\/person\/22903e18cfb1940ba9e7a40db29c84f8","name":"Am\u00e9lie Finet","image":{"@type":"ImageObject","inLanguage":"en-US","@id":"https:\/\/old-eoc.dev-app.net\/#\/schema\/person\/image\/","url":"https:\/\/secure.gravatar.com\/avatar\/2e0bfbdf5d8965d17c4d51755bcfc940?s=96&d=mm&r=g","contentUrl":"https:\/\/secure.gravatar.com\/avatar\/2e0bfbdf5d8965d17c4d51755bcfc940?s=96&d=mm&r=g","caption":"Am\u00e9lie Finet"},"url":"https:\/\/old-eoc.dev-app.net\/en\/author\/mhermant\/"}]}},"_links":{"self":[{"href":"https:\/\/old-eoc.dev-app.net\/en\/wp-json\/wp\/v2\/posts\/13752","targetHints":{"allow":["GET"]}}],"collection":[{"href":"https:\/\/old-eoc.dev-app.net\/en\/wp-json\/wp\/v2\/posts"}],"about":[{"href":"https:\/\/old-eoc.dev-app.net\/en\/wp-json\/wp\/v2\/types\/post"}],"author":[{"embeddable":true,"href":"https:\/\/old-eoc.dev-app.net\/en\/wp-json\/wp\/v2\/users\/21"}],"replies":[{"embeddable":true,"href":"https:\/\/old-eoc.dev-app.net\/en\/wp-json\/wp\/v2\/comments?post=13752"}],"version-history":[{"count":0,"href":"https:\/\/old-eoc.dev-app.net\/en\/wp-json\/wp\/v2\/posts\/13752\/revisions"}],"wp:featuredmedia":[{"embeddable":true,"href":"https:\/\/old-eoc.dev-app.net\/en\/wp-json\/wp\/v2\/media\/13753"}],"wp:attachment":[{"href":"https:\/\/old-eoc.dev-app.net\/en\/wp-json\/wp\/v2\/media?parent=13752"}],"wp:term":[{"taxonomy":"category","embeddable":true,"href":"https:\/\/old-eoc.dev-app.net\/en\/wp-json\/wp\/v2\/categories?post=13752"},{"taxonomy":"post_tag","embeddable":true,"href":"https:\/\/old-eoc.dev-app.net\/en\/wp-json\/wp\/v2\/tags?post=13752"}],"curies":[{"name":"wp","href":"https:\/\/api.w.org\/{rel}","templated":true}]}}