{"id":10804,"date":"2021-01-11T11:23:26","date_gmt":"2021-01-11T10:23:26","guid":{"rendered":"https:\/\/old-eoc.dev-app.net\/?p=10804"},"modified":"2021-04-30T10:51:52","modified_gmt":"2021-04-30T08:51:52","slug":"les-notices-du-conservatoire","status":"publish","type":"post","link":"https:\/\/old-eoc.dev-app.net\/en\/les-notices-du-conservatoire\/","title":{"rendered":"Les notices du Conservatoire"},"content":{"rendered":"<p>&nbsp;<\/p>\n<p>L&#8217;EOC, en partenariat avec le conservatoire Massenet, sort son podcast d\u00e9di\u00e9 \u00e0 la musique contemporaine. Au fil des saisons musicales, les \u00e9tudiants en classe pr\u00e9paratoire culture musicale \u00e9clairent les oeuvres jou\u00e9es par l\u2019Ensemble. <!--more--><\/p>\n<p>Dans le premier \u00e9pisode des Notices du Conservatoire, nous \u00e9coutons Emma Savori qui nous parle de l&#8217;oeuvre intitul\u00e9e <em>Octandre<\/em>, compos\u00e9e par Edgar Var\u00e8se.<\/p>\n<div class=\"responsive-embed\"><iframe title=\"Spotify Embed: \u00c9pisode n\u00b01 : Octandre, d&amp;apos;Edgar Var\u00e8se\" style=\"border-radius: 12px\" width=\"100%\" height=\"152\" frameborder=\"0\" allowfullscreen allow=\"autoplay; clipboard-write; encrypted-media; fullscreen; picture-in-picture\" loading=\"lazy\" src=\"https:\/\/open.spotify.com\/embed\/episode\/4LKgZAKkYsfzyT08FpA2gL?utm_source=oembed\"><\/iframe><\/div>\n<p>Pour notre deuxi\u00e8me notice, c&#8217;est Pablo Villebrun qui s&#8217;empare du micro et nous livre son analyse singuli\u00e8re de l&#8217;opus 16 d&#8217;Arnold Schoenberg.<\/p>\n<div class=\"responsive-embed\"><iframe title=\"Spotify Embed: \u00c9pisode n\u00b02 : Cinq pi\u00e8ces pour orchestre, Arnold Schoenberg\" style=\"border-radius: 12px\" width=\"100%\" height=\"152\" frameborder=\"0\" allowfullscreen allow=\"autoplay; clipboard-write; encrypted-media; fullscreen; picture-in-picture\" loading=\"lazy\" src=\"https:\/\/open.spotify.com\/embed\/episode\/0zjRa2Ambp0wBkyjVFlkB4?utm_source=oembed\"><\/iframe><\/div>\n<p>&nbsp;<\/p>\n<p>Pour ne pas manquer les prochains \u00e9pisodes, n&#8217;oubliez pas de vous abonner !<\/p>\n<p><em><a href=\"https:\/\/old-eoc.dev-app.net\/autour-des-concerts\/actions-artistiques-et-culturelles\/action\/avec-les-conservatoires\/\">En savoir plus sur ce partenariat<\/a><\/em><\/p>\n","protected":false},"excerpt":{"rendered":"<p>&nbsp; L&#8217;EOC, en partenariat avec le conservatoire Massenet, sort son podcast d\u00e9di\u00e9 \u00e0 la musique contemporaine. Au fil des saisons musicales, les \u00e9tudiants en classe pr\u00e9paratoire culture musicale \u00e9clairent les oeuvres jou\u00e9es par l\u2019Ensemble.<\/p>\n","protected":false},"author":21,"featured_media":13604,"comment_status":"closed","ping_status":"open","sticky":false,"template":"","format":"standard","meta":{"_acf_changed":false,"footnotes":""},"categories":[1],"tags":[],"class_list":["post-10804","post","type-post","status-publish","format-standard","has-post-thumbnail","hentry","category-actualite"],"acf":[],"yoast_head":"<!-- This site is optimized with the Yoast SEO plugin v24.8.1 - https:\/\/yoast.com\/wordpress\/plugins\/seo\/ -->\n<title>Les Notices du Conservatoire - le nouveau podcast de l&#039;EOC<\/title>\n<meta name=\"description\" content=\"Ecoutez le nouveau podcast de l&#039;EOC, pour (re)d\u00e9couvrir les classiques de la musique du XX\u00e8me et XXI\u00e8me si\u00e8cle.\" \/>\n<meta name=\"robots\" content=\"noindex, follow, max-snippet:-1, max-image-preview:large, max-video-preview:-1\" \/>\n<meta property=\"og:locale\" content=\"en_US\" \/>\n<meta property=\"og:type\" content=\"article\" \/>\n<meta property=\"og:title\" content=\"Les Notices du Conservatoire - le nouveau podcast de l&#039;EOC\" \/>\n<meta property=\"og:description\" content=\"Ecoutez le nouveau podcast de l&#039;EOC, pour (re)d\u00e9couvrir les classiques de la musique du XX\u00e8me et XXI\u00e8me si\u00e8cle.\" \/>\n<meta property=\"og:url\" content=\"https:\/\/old-eoc.dev-app.net\/les-notices-du-conservatoire\/\" \/>\n<meta property=\"og:site_name\" content=\"Ensemble Orchestral Contemporain\" \/>\n<meta property=\"article:published_time\" content=\"2021-01-11T10:23:26+00:00\" \/>\n<meta property=\"article:modified_time\" content=\"2021-04-30T08:51:52+00:00\" \/>\n<meta property=\"og:image\" content=\"https:\/\/old-eoc.dev-app.net\/wp-content\/uploads\/2020\/09\/bandeau_actu.jpg\" \/>\n\t<meta property=\"og:image:width\" content=\"768\" \/>\n\t<meta property=\"og:image:height\" content=\"576\" \/>\n\t<meta property=\"og:image:type\" content=\"image\/jpeg\" \/>\n<meta name=\"author\" content=\"Am\u00e9lie Finet\" \/>\n<meta name=\"twitter:card\" content=\"summary_large_image\" \/>\n<meta name=\"twitter:label1\" content=\"Written by\" \/>\n\t<meta name=\"twitter:data1\" content=\"Am\u00e9lie Finet\" \/>\n\t<meta name=\"twitter:label2\" content=\"Est. reading time\" \/>\n\t<meta name=\"twitter:data2\" content=\"1 minute\" \/>\n<script type=\"application\/ld+json\" class=\"yoast-schema-graph\">{\"@context\":\"https:\/\/schema.org\",\"@graph\":[{\"@type\":\"Article\",\"@id\":\"https:\/\/old-eoc.dev-app.net\/les-notices-du-conservatoire\/#article\",\"isPartOf\":{\"@id\":\"https:\/\/old-eoc.dev-app.net\/les-notices-du-conservatoire\/\"},\"author\":{\"name\":\"Am\u00e9lie Finet\",\"@id\":\"https:\/\/old-eoc.dev-app.net\/#\/schema\/person\/22903e18cfb1940ba9e7a40db29c84f8\"},\"headline\":\"Les notices du Conservatoire\",\"datePublished\":\"2021-01-11T10:23:26+00:00\",\"dateModified\":\"2021-04-30T08:51:52+00:00\",\"mainEntityOfPage\":{\"@id\":\"https:\/\/old-eoc.dev-app.net\/les-notices-du-conservatoire\/\"},\"wordCount\":134,\"publisher\":{\"@id\":\"https:\/\/old-eoc.dev-app.net\/#organization\"},\"image\":{\"@id\":\"https:\/\/old-eoc.dev-app.net\/les-notices-du-conservatoire\/#primaryimage\"},\"thumbnailUrl\":\"https:\/\/old-eoc.dev-app.net\/wp-content\/uploads\/2020\/09\/bandeau_actu.jpg\",\"articleSection\":[\"Actualit\u00e9\"],\"inLanguage\":\"en-US\"},{\"@type\":\"WebPage\",\"@id\":\"https:\/\/old-eoc.dev-app.net\/les-notices-du-conservatoire\/\",\"url\":\"https:\/\/old-eoc.dev-app.net\/les-notices-du-conservatoire\/\",\"name\":\"Les Notices du Conservatoire - le nouveau podcast de l'EOC\",\"isPartOf\":{\"@id\":\"https:\/\/old-eoc.dev-app.net\/#website\"},\"primaryImageOfPage\":{\"@id\":\"https:\/\/old-eoc.dev-app.net\/les-notices-du-conservatoire\/#primaryimage\"},\"image\":{\"@id\":\"https:\/\/old-eoc.dev-app.net\/les-notices-du-conservatoire\/#primaryimage\"},\"thumbnailUrl\":\"https:\/\/old-eoc.dev-app.net\/wp-content\/uploads\/2020\/09\/bandeau_actu.jpg\",\"datePublished\":\"2021-01-11T10:23:26+00:00\",\"dateModified\":\"2021-04-30T08:51:52+00:00\",\"description\":\"Ecoutez le nouveau podcast de l'EOC, pour (re)d\u00e9couvrir les classiques de la musique du XX\u00e8me et XXI\u00e8me si\u00e8cle.\",\"breadcrumb\":{\"@id\":\"https:\/\/old-eoc.dev-app.net\/les-notices-du-conservatoire\/#breadcrumb\"},\"inLanguage\":\"en-US\",\"potentialAction\":[{\"@type\":\"ReadAction\",\"target\":[\"https:\/\/old-eoc.dev-app.net\/les-notices-du-conservatoire\/\"]}]},{\"@type\":\"ImageObject\",\"inLanguage\":\"en-US\",\"@id\":\"https:\/\/old-eoc.dev-app.net\/les-notices-du-conservatoire\/#primaryimage\",\"url\":\"https:\/\/old-eoc.dev-app.net\/wp-content\/uploads\/2020\/09\/bandeau_actu.jpg\",\"contentUrl\":\"https:\/\/old-eoc.dev-app.net\/wp-content\/uploads\/2020\/09\/bandeau_actu.jpg\",\"width\":768,\"height\":576},{\"@type\":\"BreadcrumbList\",\"@id\":\"https:\/\/old-eoc.dev-app.net\/les-notices-du-conservatoire\/#breadcrumb\",\"itemListElement\":[{\"@type\":\"ListItem\",\"position\":1,\"name\":\"Accueil\",\"item\":\"https:\/\/old-eoc.dev-app.net\/en\/\"},{\"@type\":\"ListItem\",\"position\":2,\"name\":\"Les notices du Conservatoire\"}]},{\"@type\":\"WebSite\",\"@id\":\"https:\/\/old-eoc.dev-app.net\/#website\",\"url\":\"https:\/\/old-eoc.dev-app.net\/\",\"name\":\"Ensemble Orchestral Contemporain\",\"description\":\"Direction Daniel Kawka\",\"publisher\":{\"@id\":\"https:\/\/old-eoc.dev-app.net\/#organization\"},\"potentialAction\":[{\"@type\":\"SearchAction\",\"target\":{\"@type\":\"EntryPoint\",\"urlTemplate\":\"https:\/\/old-eoc.dev-app.net\/?s={search_term_string}\"},\"query-input\":{\"@type\":\"PropertyValueSpecification\",\"valueRequired\":true,\"valueName\":\"search_term_string\"}}],\"inLanguage\":\"en-US\"},{\"@type\":\"Organization\",\"@id\":\"https:\/\/old-eoc.dev-app.net\/#organization\",\"name\":\"Ensemble Orchestral Contemporain\",\"url\":\"https:\/\/old-eoc.dev-app.net\/\",\"logo\":{\"@type\":\"ImageObject\",\"inLanguage\":\"en-US\",\"@id\":\"https:\/\/old-eoc.dev-app.net\/#\/schema\/logo\/image\/\",\"url\":\"https:\/\/old-eoc.dev-app.net\/wp-content\/uploads\/2024\/02\/cropped-admin-ajax2.jpg\",\"contentUrl\":\"https:\/\/old-eoc.dev-app.net\/wp-content\/uploads\/2024\/02\/cropped-admin-ajax2.jpg\",\"width\":148,\"height\":79,\"caption\":\"Ensemble Orchestral Contemporain\"},\"image\":{\"@id\":\"https:\/\/old-eoc.dev-app.net\/#\/schema\/logo\/image\/\"},\"sameAs\":[\"https:\/\/www.youtube.com\/user\/EnsembleEOC\"]},{\"@type\":\"Person\",\"@id\":\"https:\/\/old-eoc.dev-app.net\/#\/schema\/person\/22903e18cfb1940ba9e7a40db29c84f8\",\"name\":\"Am\u00e9lie Finet\",\"image\":{\"@type\":\"ImageObject\",\"inLanguage\":\"en-US\",\"@id\":\"https:\/\/old-eoc.dev-app.net\/#\/schema\/person\/image\/\",\"url\":\"https:\/\/secure.gravatar.com\/avatar\/2e0bfbdf5d8965d17c4d51755bcfc940?s=96&d=mm&r=g\",\"contentUrl\":\"https:\/\/secure.gravatar.com\/avatar\/2e0bfbdf5d8965d17c4d51755bcfc940?s=96&d=mm&r=g\",\"caption\":\"Am\u00e9lie Finet\"},\"url\":\"https:\/\/old-eoc.dev-app.net\/en\/author\/mhermant\/\"}]}<\/script>\n<!-- \/ Yoast SEO plugin. -->","yoast_head_json":{"title":"Les Notices du Conservatoire - le nouveau podcast de l'EOC","description":"Ecoutez le nouveau podcast de l'EOC, pour (re)d\u00e9couvrir les classiques de la musique du XX\u00e8me et XXI\u00e8me si\u00e8cle.","robots":{"index":"noindex","follow":"follow","max-snippet":"max-snippet:-1","max-image-preview":"max-image-preview:large","max-video-preview":"max-video-preview:-1"},"og_locale":"en_US","og_type":"article","og_title":"Les Notices du Conservatoire - le nouveau podcast de l'EOC","og_description":"Ecoutez le nouveau podcast de l'EOC, pour (re)d\u00e9couvrir les classiques de la musique du XX\u00e8me et XXI\u00e8me si\u00e8cle.","og_url":"https:\/\/old-eoc.dev-app.net\/les-notices-du-conservatoire\/","og_site_name":"Ensemble Orchestral Contemporain","article_published_time":"2021-01-11T10:23:26+00:00","article_modified_time":"2021-04-30T08:51:52+00:00","og_image":[{"width":768,"height":576,"url":"https:\/\/old-eoc.dev-app.net\/wp-content\/uploads\/2020\/09\/bandeau_actu.jpg","type":"image\/jpeg"}],"author":"Am\u00e9lie Finet","twitter_card":"summary_large_image","twitter_misc":{"Written by":"Am\u00e9lie Finet","Est. reading time":"1 minute"},"schema":{"@context":"https:\/\/schema.org","@graph":[{"@type":"Article","@id":"https:\/\/old-eoc.dev-app.net\/les-notices-du-conservatoire\/#article","isPartOf":{"@id":"https:\/\/old-eoc.dev-app.net\/les-notices-du-conservatoire\/"},"author":{"name":"Am\u00e9lie Finet","@id":"https:\/\/old-eoc.dev-app.net\/#\/schema\/person\/22903e18cfb1940ba9e7a40db29c84f8"},"headline":"Les notices du Conservatoire","datePublished":"2021-01-11T10:23:26+00:00","dateModified":"2021-04-30T08:51:52+00:00","mainEntityOfPage":{"@id":"https:\/\/old-eoc.dev-app.net\/les-notices-du-conservatoire\/"},"wordCount":134,"publisher":{"@id":"https:\/\/old-eoc.dev-app.net\/#organization"},"image":{"@id":"https:\/\/old-eoc.dev-app.net\/les-notices-du-conservatoire\/#primaryimage"},"thumbnailUrl":"https:\/\/old-eoc.dev-app.net\/wp-content\/uploads\/2020\/09\/bandeau_actu.jpg","articleSection":["Actualit\u00e9"],"inLanguage":"en-US"},{"@type":"WebPage","@id":"https:\/\/old-eoc.dev-app.net\/les-notices-du-conservatoire\/","url":"https:\/\/old-eoc.dev-app.net\/les-notices-du-conservatoire\/","name":"Les Notices du Conservatoire - le nouveau podcast de l'EOC","isPartOf":{"@id":"https:\/\/old-eoc.dev-app.net\/#website"},"primaryImageOfPage":{"@id":"https:\/\/old-eoc.dev-app.net\/les-notices-du-conservatoire\/#primaryimage"},"image":{"@id":"https:\/\/old-eoc.dev-app.net\/les-notices-du-conservatoire\/#primaryimage"},"thumbnailUrl":"https:\/\/old-eoc.dev-app.net\/wp-content\/uploads\/2020\/09\/bandeau_actu.jpg","datePublished":"2021-01-11T10:23:26+00:00","dateModified":"2021-04-30T08:51:52+00:00","description":"Ecoutez le nouveau podcast de l'EOC, pour (re)d\u00e9couvrir les classiques de la musique du XX\u00e8me et XXI\u00e8me si\u00e8cle.","breadcrumb":{"@id":"https:\/\/old-eoc.dev-app.net\/les-notices-du-conservatoire\/#breadcrumb"},"inLanguage":"en-US","potentialAction":[{"@type":"ReadAction","target":["https:\/\/old-eoc.dev-app.net\/les-notices-du-conservatoire\/"]}]},{"@type":"ImageObject","inLanguage":"en-US","@id":"https:\/\/old-eoc.dev-app.net\/les-notices-du-conservatoire\/#primaryimage","url":"https:\/\/old-eoc.dev-app.net\/wp-content\/uploads\/2020\/09\/bandeau_actu.jpg","contentUrl":"https:\/\/old-eoc.dev-app.net\/wp-content\/uploads\/2020\/09\/bandeau_actu.jpg","width":768,"height":576},{"@type":"BreadcrumbList","@id":"https:\/\/old-eoc.dev-app.net\/les-notices-du-conservatoire\/#breadcrumb","itemListElement":[{"@type":"ListItem","position":1,"name":"Accueil","item":"https:\/\/old-eoc.dev-app.net\/en\/"},{"@type":"ListItem","position":2,"name":"Les notices du Conservatoire"}]},{"@type":"WebSite","@id":"https:\/\/old-eoc.dev-app.net\/#website","url":"https:\/\/old-eoc.dev-app.net\/","name":"Ensemble Orchestral Contemporain","description":"Direction Daniel Kawka","publisher":{"@id":"https:\/\/old-eoc.dev-app.net\/#organization"},"potentialAction":[{"@type":"SearchAction","target":{"@type":"EntryPoint","urlTemplate":"https:\/\/old-eoc.dev-app.net\/?s={search_term_string}"},"query-input":{"@type":"PropertyValueSpecification","valueRequired":true,"valueName":"search_term_string"}}],"inLanguage":"en-US"},{"@type":"Organization","@id":"https:\/\/old-eoc.dev-app.net\/#organization","name":"Ensemble Orchestral Contemporain","url":"https:\/\/old-eoc.dev-app.net\/","logo":{"@type":"ImageObject","inLanguage":"en-US","@id":"https:\/\/old-eoc.dev-app.net\/#\/schema\/logo\/image\/","url":"https:\/\/old-eoc.dev-app.net\/wp-content\/uploads\/2024\/02\/cropped-admin-ajax2.jpg","contentUrl":"https:\/\/old-eoc.dev-app.net\/wp-content\/uploads\/2024\/02\/cropped-admin-ajax2.jpg","width":148,"height":79,"caption":"Ensemble Orchestral Contemporain"},"image":{"@id":"https:\/\/old-eoc.dev-app.net\/#\/schema\/logo\/image\/"},"sameAs":["https:\/\/www.youtube.com\/user\/EnsembleEOC"]},{"@type":"Person","@id":"https:\/\/old-eoc.dev-app.net\/#\/schema\/person\/22903e18cfb1940ba9e7a40db29c84f8","name":"Am\u00e9lie Finet","image":{"@type":"ImageObject","inLanguage":"en-US","@id":"https:\/\/old-eoc.dev-app.net\/#\/schema\/person\/image\/","url":"https:\/\/secure.gravatar.com\/avatar\/2e0bfbdf5d8965d17c4d51755bcfc940?s=96&d=mm&r=g","contentUrl":"https:\/\/secure.gravatar.com\/avatar\/2e0bfbdf5d8965d17c4d51755bcfc940?s=96&d=mm&r=g","caption":"Am\u00e9lie Finet"},"url":"https:\/\/old-eoc.dev-app.net\/en\/author\/mhermant\/"}]}},"_links":{"self":[{"href":"https:\/\/old-eoc.dev-app.net\/en\/wp-json\/wp\/v2\/posts\/10804","targetHints":{"allow":["GET"]}}],"collection":[{"href":"https:\/\/old-eoc.dev-app.net\/en\/wp-json\/wp\/v2\/posts"}],"about":[{"href":"https:\/\/old-eoc.dev-app.net\/en\/wp-json\/wp\/v2\/types\/post"}],"author":[{"embeddable":true,"href":"https:\/\/old-eoc.dev-app.net\/en\/wp-json\/wp\/v2\/users\/21"}],"replies":[{"embeddable":true,"href":"https:\/\/old-eoc.dev-app.net\/en\/wp-json\/wp\/v2\/comments?post=10804"}],"version-history":[{"count":0,"href":"https:\/\/old-eoc.dev-app.net\/en\/wp-json\/wp\/v2\/posts\/10804\/revisions"}],"wp:featuredmedia":[{"embeddable":true,"href":"https:\/\/old-eoc.dev-app.net\/en\/wp-json\/wp\/v2\/media\/13604"}],"wp:attachment":[{"href":"https:\/\/old-eoc.dev-app.net\/en\/wp-json\/wp\/v2\/media?parent=10804"}],"wp:term":[{"taxonomy":"category","embeddable":true,"href":"https:\/\/old-eoc.dev-app.net\/en\/wp-json\/wp\/v2\/categories?post=10804"},{"taxonomy":"post_tag","embeddable":true,"href":"https:\/\/old-eoc.dev-app.net\/en\/wp-json\/wp\/v2\/tags?post=10804"}],"curies":[{"name":"wp","href":"https:\/\/api.w.org\/{rel}","templated":true}]}}